{"id":99564,"date":"2023-03-28T14:01:51","date_gmt":"2023-03-28T17:01:51","guid":{"rendered":"https:\/\/www.actualidadadiario.com\/?p=99564"},"modified":"2023-03-28T14:01:51","modified_gmt":"2023-03-28T17:01:51","slug":"inflacion-en-marzo-se-desacelera-la-suba-de-los-alimentos","status":"publish","type":"post","link":"https:\/\/www.actualidadadiario.com\/index.php\/2023\/03\/28\/inflacion-en-marzo-se-desacelera-la-suba-de-los-alimentos\/","title":{"rendered":"Inflaci\u00f3n: en marzo se desacelera la suba de los alimentos"},"content":{"rendered":"<p style=\"text-align: center;\"><em><strong>Estiman que el rubro creci\u00f3 por debajo de los registros del mes pasado. De todas formas, por alzas estacionales y de regulados, se prev\u00e9 un dato similar en la variaci\u00f3n del IPC general<\/strong><\/em><\/p>\n<p>&nbsp;<\/p>\n<p>&nbsp;<\/p>\n<p>Despu\u00e9s de registrar una variaci\u00f3n del 6,6% en febrero, las consultoras estiman una inflaci\u00f3n similar para marzo. Aunque, seg\u00fan se desprende de distintos relevamientos, estar\u00e1 traccionada por otros factores. Es que en el segundo mes del a\u00f1o los alimentos y bebidas impulsaron el \u00edndice, con una suba del 9,8%, seg\u00fan el INDEC. Durante marzo, se advierte cierta desaceleraci\u00f3n en este rubro, con menores aumentos en las carnes, aunque los precios estacionales y regulados presionan al alza el IPC.<\/p>\n<p>Por caso, seg\u00fan el relevamiento que realiza la consultora LCG, en la tercera semana de marzo, la suba de precios de los alimentos promedi\u00f3 0,46%, desacelerando 0,41 punto porcentual respecto la semana anterior. \u201cEl \u00edndice de alimentos y bebidas present\u00f3 una inflaci\u00f3n mensual de 5% promedio en las \u00faltimas cuatro semanas (desacelerando por cuarta semana consecutiva) y 4,4% punta a punta en el mismo periodo\u201d, se\u00f1alaron desde la firma, y detallaron: \u201cEn lo que va del mes acumula un 2,7% de inflaci\u00f3n\u201d. En las primeras tres semanas de febrero, por ejemplo, el mismo \u00edndice hab\u00eda acumulado un aumento en torno al 4%.<\/p>\n<p>El informe de LCG destac\u00f3 que las verduras y los l\u00e1cteos encabezaron la suba durante la \u00faltima semana, mientras que las carnes tuvieron una variaci\u00f3n negativa de 0,5 puntos. \u201cEl porcentaje de productos con aumentos semanales fue 8%, marcando dos semanas consecutivas de baja\u201d, detall\u00f3 el estudio.<\/p>\n<p>Adem\u00e1s, si se contempla la inflaci\u00f3n de las \u00faltimas cuatro semanas, los panificados fueron el rubro que m\u00e1s aument\u00f3 (8,2%), desplazando a las carnes, que ocuparon ese lugar durante las \u00faltimas cinco semanas.<\/p>\n<p>Por su parte, de acuerdo al relevamiento de precios minoristas que realiza la consultora Eco Go, en la tercera semana de marzo se registr\u00f3 una variaci\u00f3n del 1,8% respecto de la semana previa. \u201cCon este dato y considerando una proyecci\u00f3n de variaci\u00f3n semanal del 1,4% para las pr\u00f3ximas dos semanas del mes, la inflaci\u00f3n de alimentos consumidos en el hogar en marzo trepar\u00eda a 7,6% mensual\u201d, proyectaron desde la firma. Un dato que, en este caso, se ubicar\u00eda levemente por debajo del 7,7% estimado por la consultora en febrero.<\/p>\n<p>&nbsp;<\/p>\n<p><strong>Nivel general <\/strong><\/p>\n<p>De cara a lo que pueda ocurrir con el dato de inflaci\u00f3n general en marzo, desde Econviews se\u00f1alaron que \u201cpinta muy parecida a la de febrero, quiz\u00e1 unas d\u00e9cimas m\u00e1s\u201d. Adem\u00e1s de la presi\u00f3n que puede ejercer la suba en alimentos, desde la firma destacaron la estacionalidad propia del mes y la suba de transporte.<\/p>\n<p>De hecho, tal como se observ\u00f3 en el IPC GBA que mide Ecolatina, en la primera quincena del mes se observ\u00f3 un incremento del 7,1% en comparaci\u00f3n con la primera quincena de febrero. \u201cPor motivos estacionales, marzo tiende a ser un mes con inflaci\u00f3n mensual m\u00e1s elevada que el promedio mensual del resto del a\u00f1o, donde suelen incidir los mayores aumentos en Indumentaria \u2013por el cambio de estaci\u00f3n- y Educaci\u00f3n -por el inicio de clases-\u201d, explicaron desde la firma.<\/p>\n<p>\u201cEn este marco, marzo ser\u00e1 un mes donde impactar\u00e1n puntualmente distintos aumentos: colegios privados (16,4%); prepagas (7,7% para quienes perciban ingresos netos iguales o superiores a $392.562 y 5% para quienes tengan salarios inferiores a ese monto); tarifas de subte (38%); combustibles (3,8%); trenes y colectivos (6%); las tarifas de agua y gas; los precios de televisi\u00f3n, cable e internet, los taxis (30%) y el servicio dom\u00e9stico (4%)\u201d, concluyeron desde Ecolatina.<\/p>\n","protected":false},"excerpt":{"rendered":"<p>Estiman que el rubro creci\u00f3 por debajo de los registros del mes pasado. De todas formas, por alzas estacionales y de regulados, se prev\u00e9 un dato similar en la variaci\u00f3n del IPC general &nbsp; &nbsp; Despu\u00e9s de registrar una variaci\u00f3n del 6,6% en febrero, las consultoras estiman una inflaci\u00f3n similar para marzo. Aunque, seg\u00fan se desprende de distintos relevamientos, estar\u00e1 traccionada por otros factores. Es que en el segundo mes del a\u00f1o los alimentos y bebidas impulsaron el \u00edndice, con una suba del 9,8%, seg\u00fan el INDEC. Durante marzo, se&#8230;<\/p>\n","protected":false},"author":3,"featured_media":97395,"comment_status":"closed","ping_status":"closed","sticky":false,"template":"","format":"standard","meta":[],"categories":[2],"tags":[],"_links":{"self":[{"href":"https:\/\/www.actualidadadiario.com\/index.php\/wp-json\/wp\/v2\/posts\/99564"}],"collection":[{"href":"https:\/\/www.actualidadadiario.com\/index.php\/wp-json\/wp\/v2\/posts"}],"about":[{"href":"https:\/\/www.actualidadadiario.com\/index.php\/wp-json\/wp\/v2\/types\/post"}],"author":[{"embeddable":true,"href":"https:\/\/www.actualidadadiario.com\/index.php\/wp-json\/wp\/v2\/users\/3"}],"replies":[{"embeddable":true,"href":"https:\/\/www.actualidadadiario.com\/index.php\/wp-json\/wp\/v2\/comments?post=99564"}],"version-history":[{"count":1,"href":"https:\/\/www.actualidadadiario.com\/index.php\/wp-json\/wp\/v2\/posts\/99564\/revisions"}],"predecessor-version":[{"id":99565,"href":"https:\/\/www.actualidadadiario.com\/index.php\/wp-json\/wp\/v2\/posts\/99564\/revisions\/99565"}],"wp:featuredmedia":[{"embeddable":true,"href":"https:\/\/www.actualidadadiario.com\/index.php\/wp-json\/wp\/v2\/media\/97395"}],"wp:attachment":[{"href":"https:\/\/www.actualidadadiario.com\/index.php\/wp-json\/wp\/v2\/media?parent=99564"}],"wp:term":[{"taxonomy":"category","embeddable":true,"href":"https:\/\/www.actualidadadiario.com\/index.php\/wp-json\/wp\/v2\/categories?post=99564"},{"taxonomy":"post_tag","embeddable":true,"href":"https:\/\/www.actualidadadiario.com\/index.php\/wp-json\/wp\/v2\/tags?post=99564"}],"curies":[{"name":"wp","href":"https:\/\/api.w.org\/{rel}","templated":true}]}}