{"id":99530,"date":"2023-03-27T13:17:28","date_gmt":"2023-03-27T16:17:28","guid":{"rendered":"https:\/\/www.actualidadadiario.com\/?p=99530"},"modified":"2023-03-27T13:17:28","modified_gmt":"2023-03-27T16:17:28","slug":"maria-eugenia-vidal-llega-a-entre-rios-en-medio-del-reordenamiento-de-la-interna-del-pro","status":"publish","type":"post","link":"https:\/\/www.actualidadadiario.com\/index.php\/2023\/03\/27\/maria-eugenia-vidal-llega-a-entre-rios-en-medio-del-reordenamiento-de-la-interna-del-pro\/","title":{"rendered":"Mar\u00eda Eugenia Vidal llega a Entre R\u00edos en medio del reordenamiento de la interna del PRO"},"content":{"rendered":"<p style=\"text-align: center;\"><em><strong>La diputada nacional porte\u00f1a Mar\u00eda Eugenia Vidal llegar\u00e1 a Entre R\u00edos durante la pr\u00f3xima semana y compartir\u00e1 agenda de campa\u00f1a con el candidato a gobernador del PRO, Rogelio Frigerio<\/strong><\/em><\/p>\n<p>&nbsp;<\/p>\n<p>&nbsp;<\/p>\n<p>Vidal tendr\u00eda previsto, en primera instancia, una actividad en la Uader durante los d\u00edas 3 y 4 de abril. El rector de la casa de altos estudios, Luciano Filipuzzi, junto a otros funcionarios universitarios de primera l\u00ednea comenzaron a participar desde febrero en los equipos t\u00e9cnicos de Frigerio.<\/p>\n<p>La ex gobernadora de la provincia de Buenos Aires es, hasta ahora, precandidata a presidente de la Naci\u00f3n. Sin embargo, en el PRO consideran que la decisi\u00f3n de Mauricio Macri de no competir por la primera magistratura nacional partir\u00e1 aguas y la disputa se concentrar\u00e1 entre Horacio Rodr\u00edguez Larrea y Patricia Bullrich.<\/p>\n","protected":false},"excerpt":{"rendered":"<p>La diputada nacional porte\u00f1a Mar\u00eda Eugenia Vidal llegar\u00e1 a Entre R\u00edos durante la pr\u00f3xima semana y compartir\u00e1 agenda de campa\u00f1a con el candidato a gobernador del PRO, Rogelio Frigerio &nbsp; &nbsp; Vidal tendr\u00eda previsto, en primera instancia, una actividad en la Uader durante los d\u00edas 3 y 4 de abril. El rector de la casa de altos estudios, Luciano Filipuzzi, junto a otros funcionarios universitarios de primera l\u00ednea comenzaron a participar desde febrero en los equipos t\u00e9cnicos de Frigerio. La ex gobernadora de la provincia de Buenos Aires es, hasta&#8230;<\/p>\n","protected":false},"author":3,"featured_media":99531,"comment_status":"closed","ping_status":"closed","sticky":false,"template":"","format":"standard","meta":[],"categories":[15],"tags":[],"_links":{"self":[{"href":"https:\/\/www.actualidadadiario.com\/index.php\/wp-json\/wp\/v2\/posts\/99530"}],"collection":[{"href":"https:\/\/www.actualidadadiario.com\/index.php\/wp-json\/wp\/v2\/posts"}],"about":[{"href":"https:\/\/www.actualidadadiario.com\/index.php\/wp-json\/wp\/v2\/types\/post"}],"author":[{"embeddable":true,"href":"https:\/\/www.actualidadadiario.com\/index.php\/wp-json\/wp\/v2\/users\/3"}],"replies":[{"embeddable":true,"href":"https:\/\/www.actualidadadiario.com\/index.php\/wp-json\/wp\/v2\/comments?post=99530"}],"version-history":[{"count":1,"href":"https:\/\/www.actualidadadiario.com\/index.php\/wp-json\/wp\/v2\/posts\/99530\/revisions"}],"predecessor-version":[{"id":99532,"href":"https:\/\/www.actualidadadiario.com\/index.php\/wp-json\/wp\/v2\/posts\/99530\/revisions\/99532"}],"wp:featuredmedia":[{"embeddable":true,"href":"https:\/\/www.actualidadadiario.com\/index.php\/wp-json\/wp\/v2\/media\/99531"}],"wp:attachment":[{"href":"https:\/\/www.actualidadadiario.com\/index.php\/wp-json\/wp\/v2\/media?parent=99530"}],"wp:term":[{"taxonomy":"category","embeddable":true,"href":"https:\/\/www.actualidadadiario.com\/index.php\/wp-json\/wp\/v2\/categories?post=99530"},{"taxonomy":"post_tag","embeddable":true,"href":"https:\/\/www.actualidadadiario.com\/index.php\/wp-json\/wp\/v2\/tags?post=99530"}],"curies":[{"name":"wp","href":"https:\/\/api.w.org\/{rel}","templated":true}]}}