{"id":99522,"date":"2023-03-27T13:15:18","date_gmt":"2023-03-27T16:15:18","guid":{"rendered":"https:\/\/www.actualidadadiario.com\/?p=99522"},"modified":"2023-03-27T13:15:18","modified_gmt":"2023-03-27T16:15:18","slug":"apoyo-del-sector-productor-citricola-a-la-lucha-contra-hlb-en-la-provincia","status":"publish","type":"post","link":"https:\/\/www.actualidadadiario.com\/index.php\/2023\/03\/27\/apoyo-del-sector-productor-citricola-a-la-lucha-contra-hlb-en-la-provincia\/","title":{"rendered":"Apoyo del sector productor citr\u00edcola a la lucha contra HLB en la provincia"},"content":{"rendered":"<p style=\"text-align: center;\"><em><strong>El gobierno provincial renov\u00f3 el convenio con la Federaci\u00f3n del Citrus de Entre R\u00edos (Fecier) para la lucha con el HLB. Dicho programa de monitoreo en conjunto entr\u00f3 en su tercer a\u00f1o consecutivo de vigencia<\/strong><\/em><\/p>\n<p>&nbsp;<\/p>\n<p>&nbsp;<\/p>\n<p>El mismo contempla la conformaci\u00f3n de grupos de productores para fortalecer la capacitaci\u00f3n, el monitoreo del vector y definir estrategias de manejo de la plaga y acciones tendientes a la erradicaci\u00f3n de la enfermedad en casos de detecci\u00f3n de la misma. A su vez, indica que el equipo t\u00e9cnico del programa deber\u00e1 estar conformado por un coordinador general; dos coordinadores territoriales, uno para la zona norte y otra para la zona sur del \u00e1rea productora citr\u00edcola; dos monitoreadores por cada una de las cinco asociaciones de citricultores; y un personal inform\u00e1tico-administrativo.<\/p>\n<p>Melania Zorsi, vicepresidenta de Fecier e ingeniera agr\u00f3noma, resalt\u00f3 la importancia de que en el a\u00f1o 2017 se hayan implementado los primeros monitoreos del insecto vector de la enfermedad en el macizo citr\u00edcola provincial: \u201cEsta caracter\u00edstica de haberse adelantado a la llegada de la misma a la regi\u00f3n, nos permiti\u00f3 formar recursos humanos capacitados en el reconocimiento de la cigarra Diaphorina citri y de la enfermedad. Es importante destacar que este plan est\u00e1 incluido dentro del Programa Nacional de Prevenci\u00f3n del HLB llevado adelante por Senasa. Toda la informaci\u00f3n recabada es registrada en el sistema de monitoreo, poseyendo de este modo car\u00e1cter oficial\u201d, a\u00f1adiendo que el personal t\u00e9cnico del programa fue formado por t\u00e9cnicos especialistas en HLB, quienes anualmente renuevan sus habilitaciones. \u201cEl equipo formado viajo a Brasil donde logro capacitarse directamente en la sintomatolog\u00eda de la enfermedad\u201d, acot\u00f3.<\/p>\n<p>\u201cEl compromiso del gobierno provincial con la cadena de valor citr\u00edcola es permanente\u201d, hab\u00eda dicho el secretario de Agricultura, Lucio Amavet al momento del convenio de colaboraci\u00f3n para 2023 y valor\u00f3 \u201cla confianza y seriedad\u201d del trabajo sanitario.<\/p>\n<p>Para este a\u00f1o se prev\u00e9 la inversi\u00f3n de 43 millones de pesos destinados a la prevenci\u00f3n, monitoreo y capacitaci\u00f3n de personal destinado al combate del flagelo. Se impone destacar que es el tercer a\u00f1o que se renueva el convenio entre el gobierno entrerriano y la Federaci\u00f3n.<\/p>\n<p>Amavet destac\u00f3 que \u201cel compromiso del gobierno provincial con la cadena de valor citr\u00edcola es permanente y se sostiene en la confianza y seriedad con que se emprende la lucha sanitaria. \u201cTrabajamos unidos con el sector productivo para obtener frutas de calidad que permitan ampliar los mercados, tanto el argentino como el internacional\u201d, agreg\u00f3 el funcionario provincial.<\/p>\n<p>Amavet tambi\u00e9n explic\u00f3 que \u201cel di\u00e1logo y la b\u00fasqueda de acuerdos son rasgos que distinguen a la gesti\u00f3n del gobernador Bordet y en el caso de la citricultura se expresa en este tipo de convenios donde cada parte hace aportes importantes a partir de un objetivo com\u00fan\u201d.<\/p>\n<p>En tanto, Zorsi se refiri\u00f3 tambi\u00e9n a la emergencia h\u00eddrica que atraviesa el pa\u00eds, sosteniendo que esta afectar\u00e1 toda la temporada, la cual se encuentra iniciando: \u201cHoy transitamos un retraso en el inicio de cosecha, pero esto es reci\u00e9n el comienzo de una temporada dif\u00edcil, donde los vol\u00famenes ser\u00e1n menores y de una calidad reducida por falta de calibre y algunos problemas sanitarios agravados por la sequ\u00eda. Los resultados de la sequ\u00eda a simple vista son: menor rendimiento por hect\u00e1rea, serios problemas en la comercializaci\u00f3n por falta de calibres comerciales (tama\u00f1os chicos) que no podr\u00e1n venderse como fruta fresca y deber\u00e1n destinarse a industria, todo esto conlleva a la reducci\u00f3n de fruta con condiciones comerciales ideales para su venta tanto en el mercado fresco interno y o de exportaci\u00f3n\u201d.<\/p>\n<p>Con respecto a HLB, la vicepresidenta de Fecier expres\u00f3 que actualmente no se puede cuantificar en cuanto a reducci\u00f3n de producci\u00f3n, pero si se ha iniciado una estimaci\u00f3n de cantidad de plantas nuevas que ser\u00e1n necesarias para replantar lotes afectados por la enfermedad.<\/p>\n<p>A su vez, Zorsi destac\u00f3 a la citricultura como motor social y econ\u00f3mico de departamentos Federaci\u00f3n y Concordia, los cuales cuentan con alrededor de 1800 productores de diversos tama\u00f1os, con un importante porcentaje de peque\u00f1os productores: \u201cEs una actividad con una fuerte institucionalizaci\u00f3n, cuenta con cinco Asociaciones de productores y una C\u00e1mara de Exportadores, teniendo la regi\u00f3n las mejores condiciones clim\u00e1ticas y de suelo para la actividad, con disponibilidad de agua de calidad. Es decir, el potencial productivo no tiene techo\u201d.<\/p>\n<p>Por otro lado, se refiri\u00f3 a las dificultades que enfrenta actualmente el sector, afirmando que el escenario nacional complejo condiciona el desarrollo de la actividad, \u201cya que el sector primario est\u00e1 muy desprotegido con un producto cuyo precio es dependiente del mercado. Esto condiciona la obtenci\u00f3n de precios m\u00ednimos que posibiliten al productor asegurar una rentabilidad\u201d.<\/p>\n<p>La experta sostuvo que el consumidor demanda c\u00edtricos de una calidad constante, los cuales deben presentar una calidad externa e interna compatible con las demandas del mismo. \u201cPara ello nuestro sector debe seguir trabajando en materia fitosanitaria, en un programa de lucha tanto contra el HLB como contra la moscas de los frutos, nuestra principal plaga; y mancha negra, enfermedad que ha recrudecido en los \u00faltimos a\u00f1os.<\/p>\n<p>La lucha debe ser continua, no debe estar supeditada a quien conduzca el gobierno provincial y las instituciones del sector, sino que debe ser una pol\u00edtica de estado y estar reglamentada como tal en una ley citr\u00edcola que deber\u00e1 consensuarse\u201d, finaliz\u00f3.<\/p>\n","protected":false},"excerpt":{"rendered":"<p>El gobierno provincial renov\u00f3 el convenio con la Federaci\u00f3n del Citrus de Entre R\u00edos (Fecier) para la lucha con el HLB. Dicho programa de monitoreo en conjunto entr\u00f3 en su tercer a\u00f1o consecutivo de vigencia &nbsp; &nbsp; El mismo contempla la conformaci\u00f3n de grupos de productores para fortalecer la capacitaci\u00f3n, el monitoreo del vector y definir estrategias de manejo de la plaga y acciones tendientes a la erradicaci\u00f3n de la enfermedad en casos de detecci\u00f3n de la misma. A su vez, indica que el equipo t\u00e9cnico del programa deber\u00e1 estar&#8230;<\/p>\n","protected":false},"author":3,"featured_media":99523,"comment_status":"closed","ping_status":"closed","sticky":false,"template":"","format":"standard","meta":[],"categories":[15],"tags":[],"_links":{"self":[{"href":"https:\/\/www.actualidadadiario.com\/index.php\/wp-json\/wp\/v2\/posts\/99522"}],"collection":[{"href":"https:\/\/www.actualidadadiario.com\/index.php\/wp-json\/wp\/v2\/posts"}],"about":[{"href":"https:\/\/www.actualidadadiario.com\/index.php\/wp-json\/wp\/v2\/types\/post"}],"author":[{"embeddable":true,"href":"https:\/\/www.actualidadadiario.com\/index.php\/wp-json\/wp\/v2\/users\/3"}],"replies":[{"embeddable":true,"href":"https:\/\/www.actualidadadiario.com\/index.php\/wp-json\/wp\/v2\/comments?post=99522"}],"version-history":[{"count":1,"href":"https:\/\/www.actualidadadiario.com\/index.php\/wp-json\/wp\/v2\/posts\/99522\/revisions"}],"predecessor-version":[{"id":99524,"href":"https:\/\/www.actualidadadiario.com\/index.php\/wp-json\/wp\/v2\/posts\/99522\/revisions\/99524"}],"wp:featuredmedia":[{"embeddable":true,"href":"https:\/\/www.actualidadadiario.com\/index.php\/wp-json\/wp\/v2\/media\/99523"}],"wp:attachment":[{"href":"https:\/\/www.actualidadadiario.com\/index.php\/wp-json\/wp\/v2\/media?parent=99522"}],"wp:term":[{"taxonomy":"category","embeddable":true,"href":"https:\/\/www.actualidadadiario.com\/index.php\/wp-json\/wp\/v2\/categories?post=99522"},{"taxonomy":"post_tag","embeddable":true,"href":"https:\/\/www.actualidadadiario.com\/index.php\/wp-json\/wp\/v2\/tags?post=99522"}],"curies":[{"name":"wp","href":"https:\/\/api.w.org\/{rel}","templated":true}]}}