{"id":99519,"date":"2023-03-27T13:14:28","date_gmt":"2023-03-27T16:14:28","guid":{"rendered":"https:\/\/www.actualidadadiario.com\/?p=99519"},"modified":"2023-03-27T13:14:28","modified_gmt":"2023-03-27T16:14:28","slug":"diputados-cuales-son-los-temas-consensuados-para-la-primera-sesion-ordinaria-del-ano","status":"publish","type":"post","link":"https:\/\/www.actualidadadiario.com\/index.php\/2023\/03\/27\/diputados-cuales-son-los-temas-consensuados-para-la-primera-sesion-ordinaria-del-ano\/","title":{"rendered":"Diputados: cu\u00e1les son los temas consensuados para la primera sesi\u00f3n ordinaria del a\u00f1o"},"content":{"rendered":"<p style=\"text-align: center;\"><em><strong>El temario de este martes tiene como punto central el proyecto de Fortalecimiento de la Justicia Penal Federal en la provincia de Santa Fe para instituir el sistema acusatorio y, as\u00ed, acelerar las causas contra el narcotr\u00e1fico en medio la ola de violencia<\/strong><\/em><\/p>\n<p>&nbsp;<\/p>\n<p>&nbsp;<\/p>\n<p>La C\u00e1mara de Diputados buscar\u00e1 sesionar este martes para tratar un temario de consenso entre el Frente de Todos (FdT) y Juntos por el Cambio (JxC), en el que figuran el proyecto de fortalecimiento de la Justicia de Santa Fe, para contar con mejores herramientas para combatir el crimen organizado y el narcotr\u00e1fico, y la creaci\u00f3n del monotributo para peque\u00f1os contribuyentes tecnol\u00f3gicos y un r\u00e9gimen cambiario espec\u00edfico.<\/p>\n<p>La sesi\u00f3n acordada entre el oficialismo y la principal bancada opositora -prevista para las 11- fue el resultado de las conversaciones entre la presidenta de la c\u00e1mara, Cecilia Moreau (FdT); el jefe del bloque del oficialismo, Germ\u00e1n Mart\u00ednez, y la secretaria parlamentaria, Paula Penacca, con los principales l\u00edderes de JxC: Mario Negri (UCR), Cristian Ritondo (PRO) y Juan Manuel L\u00f3pez (CC), informaron fuentes parlamentarias.<\/p>\n<p>Se trata de la primera sesi\u00f3n ordinaria de este per\u00edodo parlamentario, que tendr\u00e1 un amplio consenso tras la controversia desatada en octubre con la designaci\u00f3n de los miembros del Consejo de la Magistratura, que luego se profundiz\u00f3 cuando la coalici\u00f3n opositora intent\u00f3 trabar la actividad parlamentaria en rechazo a la presentaci\u00f3n del oficialismo del pedido de juicio pol\u00edtico a los miembros de la Corte Suprema.<\/p>\n<p>Si bien el proceso de enjuiciamiento sigue adelante en la comisi\u00f3n de Juicio Pol\u00edtico con la declaraci\u00f3n de testigos, y se estima que se prolongar\u00e1 por los menos unos tres meses, la principal bancada opositora revis\u00f3 su estrategia de boicotear la tarea legislativa con el inicio de las sesiones ordinarias, cuando los legisladores retomaron la iniciativa parlamentaria.<\/p>\n<p>De todos modos, el FdT logr\u00f3 realizar una sesi\u00f3n el pasado 28 de febrero gracias a un acuerdo que sell\u00f3 con Provincias Unidas y el Interbloque Federal, con lo cual pudo convertir en ley la moratoria previsional, que beneficiar\u00e1 a unos 800 mil ciudadanos y ciudadanas.<\/p>\n<p>&nbsp;<\/p>\n<p><strong>Los temas acordados <\/strong><\/p>\n<p>El temario tiene como punto central el proyecto de Fortalecimiento de la Justicia Penal Federal en la provincia de Santa Fe para instituir el sistema acusatorio y, as\u00ed, acelerar las causas contra el narcotr\u00e1fico en medio la ola de violencia, y que se votar\u00e1 con un contundente respaldo porque el dictamen en las tres comisiones obtuvo el apoyo del FdT, JxC, Provincias Unidas e Interbloque Federal.<\/p>\n<p>Se trata de un proyecto presentado por el legislador del FdT Roberto Mirabella y que es respaldado por los diputados santafesinos del oficialismo y de la oposici\u00f3n.<\/p>\n<p>La iniciativa busca crear 27 fiscal\u00edas federales, 15 de ellas en Rosario; nueve defensor\u00edas y seis juzgados federales, as\u00ed como seis cargos de juez penal federal con funciones de revisi\u00f3n, 50 cargos en total, con el fin de poder avanzar con mayor rapidez con las causas penales.<\/p>\n<p>Adem\u00e1s, la C\u00e1mara de Diputados debatir\u00e1 el R\u00e9gimen Simplificado y R\u00e9gimen Cambiario para Peque\u00f1os Contribuyentes Tecnol\u00f3gicos, tambi\u00e9n conocido como Mono-Tech, para los profesionales que facturan sus servicios basados en el conocimiento y para quienes &#8220;participen en competencias de e-sports (nivel profesional)&#8221;.<\/p>\n<p>De esa manera, se busca evitar la informalidad de los trabajadores que desarrollan tareas para el exterior, as\u00ed como aumentar la recaudaci\u00f3n de divisas por servicios de exportaci\u00f3n no registrados.<\/p>\n","protected":false},"excerpt":{"rendered":"<p>El temario de este martes tiene como punto central el proyecto de Fortalecimiento de la Justicia Penal Federal en la provincia de Santa Fe para instituir el sistema acusatorio y, as\u00ed, acelerar las causas contra el narcotr\u00e1fico en medio la ola de violencia &nbsp; &nbsp; La C\u00e1mara de Diputados buscar\u00e1 sesionar este martes para tratar un temario de consenso entre el Frente de Todos (FdT) y Juntos por el Cambio (JxC), en el que figuran el proyecto de fortalecimiento de la Justicia de Santa Fe, para contar con mejores herramientas&#8230;<\/p>\n","protected":false},"author":3,"featured_media":94670,"comment_status":"closed","ping_status":"closed","sticky":false,"template":"","format":"standard","meta":[],"categories":[18],"tags":[],"_links":{"self":[{"href":"https:\/\/www.actualidadadiario.com\/index.php\/wp-json\/wp\/v2\/posts\/99519"}],"collection":[{"href":"https:\/\/www.actualidadadiario.com\/index.php\/wp-json\/wp\/v2\/posts"}],"about":[{"href":"https:\/\/www.actualidadadiario.com\/index.php\/wp-json\/wp\/v2\/types\/post"}],"author":[{"embeddable":true,"href":"https:\/\/www.actualidadadiario.com\/index.php\/wp-json\/wp\/v2\/users\/3"}],"replies":[{"embeddable":true,"href":"https:\/\/www.actualidadadiario.com\/index.php\/wp-json\/wp\/v2\/comments?post=99519"}],"version-history":[{"count":2,"href":"https:\/\/www.actualidadadiario.com\/index.php\/wp-json\/wp\/v2\/posts\/99519\/revisions"}],"predecessor-version":[{"id":99521,"href":"https:\/\/www.actualidadadiario.com\/index.php\/wp-json\/wp\/v2\/posts\/99519\/revisions\/99521"}],"wp:featuredmedia":[{"embeddable":true,"href":"https:\/\/www.actualidadadiario.com\/index.php\/wp-json\/wp\/v2\/media\/94670"}],"wp:attachment":[{"href":"https:\/\/www.actualidadadiario.com\/index.php\/wp-json\/wp\/v2\/media?parent=99519"}],"wp:term":[{"taxonomy":"category","embeddable":true,"href":"https:\/\/www.actualidadadiario.com\/index.php\/wp-json\/wp\/v2\/categories?post=99519"},{"taxonomy":"post_tag","embeddable":true,"href":"https:\/\/www.actualidadadiario.com\/index.php\/wp-json\/wp\/v2\/tags?post=99519"}],"curies":[{"name":"wp","href":"https:\/\/api.w.org\/{rel}","templated":true}]}}