{"id":98377,"date":"2023-03-01T14:45:28","date_gmt":"2023-03-01T17:45:28","guid":{"rendered":"https:\/\/www.actualidadadiario.com\/?p=98377"},"modified":"2023-03-01T14:55:28","modified_gmt":"2023-03-01T17:55:28","slug":"las-criticas-a-la-corte-lo-mas-tenso-del-discurso-de-alberto-fernandez","status":"publish","type":"post","link":"https:\/\/www.actualidadadiario.com\/index.php\/2023\/03\/01\/las-criticas-a-la-corte-lo-mas-tenso-del-discurso-de-alberto-fernandez\/","title":{"rendered":"Las cr\u00edticas a la Corte, lo m\u00e1s tenso del discurso de Alberto Fern\u00e1ndez"},"content":{"rendered":"<p style=\"text-align: center;\"><em><strong>En el momento m\u00e1s tenso del discurso, el Presidente apunt\u00f3 directamente contra la Corte Suprema por la coparticipaci\u00f3n a favor de la Ciudad de Buenos Aires<\/strong><\/em><\/p>\n<p>&nbsp;<\/p>\n<p>&nbsp;<\/p>\n<p>En pleno desarrollo del per\u00edodo ordinario de sesiones ante la Asamblea Legislativa, el Presidente Alberto Fern\u00e1ndez reclam\u00f3 directamente a la Corte Suprema por la coparticipaci\u00f3n a favor de la Ciudad de Buenos Aires.<\/p>\n<p>&#8220;La Corte Suprema asegur\u00f3 cautelar a la Ciudad de Buenos Aires recursos coparticipables que no le corresponden contrariando la ley de coparticipaci\u00f3n vigente&#8221;, inici\u00f3.<\/p>\n<p>Y agreg\u00f3 de forma contundente: &#8220;Le quita dinero a los que m\u00e1s necesitan y destina esos mismos recursos a la ciudad m\u00e1s opulenta del pa\u00eds&#8221;.<\/p>\n<p>Asimismo, el mandatario apunt\u00f3 contra el diputado Fernando Iglesias, tras el revuelo generado por la menci\u00f3n a la coparticipaci\u00f3n: &#8220;Es un honor que me insulte, diputado Iglesias&#8221;.<\/p>\n<p>Por otro lado, Alberto Fern\u00e1ndez se\u00f1al\u00f3 que &#8220;la intromisi\u00f3n de la Justicia en la ejecuci\u00f3n presupuestaria es inadmisible&#8221;.<\/p>\n<p>&#8220;Ya no existen operadores que en nombre del gobierno compran voluntades judiciales&#8221;, argument\u00f3.<\/p>\n<p>Y complet\u00f3: &#8220;El Poder Judicial hace tiempo que no cuenta con la confianza p\u00fablica y no funciona eficazmente&#8221;.<\/p>\n","protected":false},"excerpt":{"rendered":"<p>En el momento m\u00e1s tenso del discurso, el Presidente apunt\u00f3 directamente contra la Corte Suprema por la coparticipaci\u00f3n a favor de la Ciudad de Buenos Aires &nbsp; &nbsp; En pleno desarrollo del per\u00edodo ordinario de sesiones ante la Asamblea Legislativa, el Presidente Alberto Fern\u00e1ndez reclam\u00f3 directamente a la Corte Suprema por la coparticipaci\u00f3n a favor de la Ciudad de Buenos Aires. &#8220;La Corte Suprema asegur\u00f3 cautelar a la Ciudad de Buenos Aires recursos coparticipables que no le corresponden contrariando la ley de coparticipaci\u00f3n vigente&#8221;, inici\u00f3. Y agreg\u00f3 de forma contundente:&#8230;<\/p>\n","protected":false},"author":3,"featured_media":98384,"comment_status":"closed","ping_status":"closed","sticky":false,"template":"","format":"standard","meta":[],"categories":[18],"tags":[],"_links":{"self":[{"href":"https:\/\/www.actualidadadiario.com\/index.php\/wp-json\/wp\/v2\/posts\/98377"}],"collection":[{"href":"https:\/\/www.actualidadadiario.com\/index.php\/wp-json\/wp\/v2\/posts"}],"about":[{"href":"https:\/\/www.actualidadadiario.com\/index.php\/wp-json\/wp\/v2\/types\/post"}],"author":[{"embeddable":true,"href":"https:\/\/www.actualidadadiario.com\/index.php\/wp-json\/wp\/v2\/users\/3"}],"replies":[{"embeddable":true,"href":"https:\/\/www.actualidadadiario.com\/index.php\/wp-json\/wp\/v2\/comments?post=98377"}],"version-history":[{"count":1,"href":"https:\/\/www.actualidadadiario.com\/index.php\/wp-json\/wp\/v2\/posts\/98377\/revisions"}],"predecessor-version":[{"id":98379,"href":"https:\/\/www.actualidadadiario.com\/index.php\/wp-json\/wp\/v2\/posts\/98377\/revisions\/98379"}],"wp:featuredmedia":[{"embeddable":true,"href":"https:\/\/www.actualidadadiario.com\/index.php\/wp-json\/wp\/v2\/media\/98384"}],"wp:attachment":[{"href":"https:\/\/www.actualidadadiario.com\/index.php\/wp-json\/wp\/v2\/media?parent=98377"}],"wp:term":[{"taxonomy":"category","embeddable":true,"href":"https:\/\/www.actualidadadiario.com\/index.php\/wp-json\/wp\/v2\/categories?post=98377"},{"taxonomy":"post_tag","embeddable":true,"href":"https:\/\/www.actualidadadiario.com\/index.php\/wp-json\/wp\/v2\/tags?post=98377"}],"curies":[{"name":"wp","href":"https:\/\/api.w.org\/{rel}","templated":true}]}}