{"id":98374,"date":"2023-03-01T14:44:33","date_gmt":"2023-03-01T17:44:33","guid":{"rendered":"https:\/\/www.actualidadadiario.com\/?p=98374"},"modified":"2023-03-01T14:44:33","modified_gmt":"2023-03-01T17:44:33","slug":"las-perlas-de-la-inauguracion-de-las-sesiones-ordinarias","status":"publish","type":"post","link":"https:\/\/www.actualidadadiario.com\/index.php\/2023\/03\/01\/las-perlas-de-la-inauguracion-de-las-sesiones-ordinarias\/","title":{"rendered":"Las perlas de la inauguraci\u00f3n de las sesiones ordinarias"},"content":{"rendered":"<p style=\"text-align: center;\"><em><strong>Volantes albertistas y cristinistas, el breve abrazo entre ambos, una oposici\u00f3n seria pero que se mantuvo en el recinto. La inauguraci\u00f3n del 141 per\u00edodo de sesiones ordinarias dej\u00f3 numerosas apostillas<\/strong><\/em><\/p>\n<p>&nbsp;<\/p>\n<p>&nbsp;<\/p>\n<p>El presidente Alberto Fern\u00e1ndez dej\u00f3 inaugurado este mi\u00e9rcoles el 141 per\u00edodo de sesiones ordinarias del Congreso, el que dej\u00f3 un tendal de &#8220;perlas&#8221; antes, durante y despu\u00e9s de la intervenci\u00f3n del jefe de Estado.<\/p>\n<p>&nbsp;<\/p>\n<p><strong>Afiches de &#8220;Alberto 2023&#8221; alrededor del Congreso<\/strong><\/p>\n<p>En la previa a la Asamblea Legislativa, el Congreso amaneci\u00f3 empapelado con afiches de &#8220;Alberto 2023&#8221;, con la cara del mandatario, en lo que traducir\u00edan sus deseos de ir por la reelecci\u00f3n, pese a las resistencias dentro del mismo espacio. hasta el momento, a pesar de tener la confirmaci\u00f3n de pocos nombres, los trascendidos auguran que ser\u00e1n varios los candidatos a competir por la Presidencia. En la misma l\u00ednea, su entorno defiende su derecho a competir y asegura que es candidato hasta tanto exprese lo contrario. Los afiches desplegados por los alrededores de la Plaza de los Dos Congresos son la primera expresi\u00f3n p\u00fablica que denotan las intenciones del jefe de Estado de renovar por cuatro a\u00f1os m\u00e1s su compromiso social de gobernar. &#8220;Por todo lo que hicimos y por todo lo que hace falta hacer&#8221;, se ley\u00f3 en los carteles.<\/p>\n<p>&nbsp;<\/p>\n<p><strong>Volantes pidiendo a Cristina, dentro del Congreso<\/strong><\/p>\n<p>En este caso, se lanzaron desde los palcos volantes con la inscripci\u00f3n &#8220;Cristina 2023&#8221;, pidiendo que la vicepresidenta efectivamente se postule este a\u00f1o, pese a que ella misma, hasta el momento, se considera &#8220;proscripta&#8221; por la Justicia.<\/p>\n<p>&nbsp;<\/p>\n<p><strong>Encuentro despu\u00e9s de 9 meses y breve abrazo<\/strong><\/p>\n<p>La \u00faltima vez que el mandatario y su vice compartieron un acto p\u00fablico fue el 3 de junio de 2022, por el aniversario de los 100 a\u00f1os de YPF, en el que Cristina Kirchner inmortaliz\u00f3 la frase en la que pidi\u00f3 que utilice &#8220;la lapicera&#8221;. En este caso, ambos se dieron un breve abrazo, de tono protocolar, en el ingreso del Presidente por la calle Entre R\u00edos, y Cristina enseguida se alej\u00f3, para saludar al jefe de Gabinete, Agust\u00edn Rossi, quien ven\u00eda detr\u00e1s.<\/p>\n<p>&nbsp;<\/p>\n<p><strong>Saludo al diputado veterano de Malvinas<\/strong><\/p>\n<p>Alberto Fern\u00e1ndez, en su discurso, hizo una especial menci\u00f3n al diputado chaque\u00f1o por el Frente de Todos, Aldo Leiva, veterano del conflicto de las Islas Malvinas. Leiva conform\u00f3 la comitiva que acompa\u00f1\u00f3 al presidente en su viaje al sur del pa\u00eds y luego a la Base Marambio, en la Ant\u00e1rtida.<\/p>\n<p>&nbsp;<\/p>\n<p><strong>El saludo de Mayans a las &#8220;3 mujeres&#8221;<\/strong><\/p>\n<p>La primera intervenci\u00f3n de la Asamblea correspondi\u00f3 al senador formose\u00f1o del Frente de Todos Jos\u00e9 Mayans, quien felicit\u00f3 la presencia de &#8220;estas 3 mujeres&#8221; al frente de la sesi\u00f3n, antes de la llegada de Alberto Fern\u00e1ndez. Hablaba, claro, de la vicepresidenta Cristina Fern\u00e1ndez de Kirchner, y las titulares de la C\u00e1mara Alta, Claudia Ledesma de Abdala, y de la C\u00e1mara Baja, Cecilia Moreau.<\/p>\n<p>&nbsp;<\/p>\n<p><strong>Aplausos para Sergio Massa<\/strong><\/p>\n<p>El Presidente tambi\u00e9n destac\u00f3 al actual ministro de Econom\u00eda, Sergio Massa, quien dej\u00f3 la presidencia de Diputados para asumir esa cartera. El funcionario, sindicado como uno de los posibles candidatos por el oficialismo, cosech\u00f3 aplausos de ese sector.<\/p>\n<p>&nbsp;<\/p>\n<p><strong>Tibia presencia de militantes de organizaciones sociales<\/strong><\/p>\n<p>Finalmente se registr\u00f3 una tibia movilizaci\u00f3n de militantes de algunas organizaciones sociales y de municipios del Conurbano bonaerense frente al Congreso. La imagen contrasta con otras ediciones del 1\u00ba de marzo, especialmente con la del 2020: en aquella primera apertura del a\u00f1o legislativo en la gesti\u00f3n del Frente de Todos se hab\u00eda movilizado todo el aparato peronista-kirchnerista para mostrar en las calles el respaldo al Gobierno. En la Plaza del Congreso sobr\u00f3 espacio para ubicarse y se not\u00f3 la ausencia de las columnas de espacios como La C\u00e1mpora y gremios. Las banderas correspondieron al Movimiento Evita, la Federaci\u00f3n de Tierra, Vivienda y H\u00e1bitat, la CTD An\u00edbal Ver\u00f3n; y algunos municipios bonaerenses.<\/p>\n","protected":false},"excerpt":{"rendered":"<p>Volantes albertistas y cristinistas, el breve abrazo entre ambos, una oposici\u00f3n seria pero que se mantuvo en el recinto. La inauguraci\u00f3n del 141 per\u00edodo de sesiones ordinarias dej\u00f3 numerosas apostillas &nbsp; &nbsp; El presidente Alberto Fern\u00e1ndez dej\u00f3 inaugurado este mi\u00e9rcoles el 141 per\u00edodo de sesiones ordinarias del Congreso, el que dej\u00f3 un tendal de &#8220;perlas&#8221; antes, durante y despu\u00e9s de la intervenci\u00f3n del jefe de Estado. &nbsp; Afiches de &#8220;Alberto 2023&#8221; alrededor del Congreso En la previa a la Asamblea Legislativa, el Congreso amaneci\u00f3 empapelado con afiches de &#8220;Alberto 2023&#8221;,&#8230;<\/p>\n","protected":false},"author":3,"featured_media":98375,"comment_status":"closed","ping_status":"closed","sticky":false,"template":"","format":"standard","meta":[],"categories":[18],"tags":[],"_links":{"self":[{"href":"https:\/\/www.actualidadadiario.com\/index.php\/wp-json\/wp\/v2\/posts\/98374"}],"collection":[{"href":"https:\/\/www.actualidadadiario.com\/index.php\/wp-json\/wp\/v2\/posts"}],"about":[{"href":"https:\/\/www.actualidadadiario.com\/index.php\/wp-json\/wp\/v2\/types\/post"}],"author":[{"embeddable":true,"href":"https:\/\/www.actualidadadiario.com\/index.php\/wp-json\/wp\/v2\/users\/3"}],"replies":[{"embeddable":true,"href":"https:\/\/www.actualidadadiario.com\/index.php\/wp-json\/wp\/v2\/comments?post=98374"}],"version-history":[{"count":1,"href":"https:\/\/www.actualidadadiario.com\/index.php\/wp-json\/wp\/v2\/posts\/98374\/revisions"}],"predecessor-version":[{"id":98376,"href":"https:\/\/www.actualidadadiario.com\/index.php\/wp-json\/wp\/v2\/posts\/98374\/revisions\/98376"}],"wp:featuredmedia":[{"embeddable":true,"href":"https:\/\/www.actualidadadiario.com\/index.php\/wp-json\/wp\/v2\/media\/98375"}],"wp:attachment":[{"href":"https:\/\/www.actualidadadiario.com\/index.php\/wp-json\/wp\/v2\/media?parent=98374"}],"wp:term":[{"taxonomy":"category","embeddable":true,"href":"https:\/\/www.actualidadadiario.com\/index.php\/wp-json\/wp\/v2\/categories?post=98374"},{"taxonomy":"post_tag","embeddable":true,"href":"https:\/\/www.actualidadadiario.com\/index.php\/wp-json\/wp\/v2\/tags?post=98374"}],"curies":[{"name":"wp","href":"https:\/\/api.w.org\/{rel}","templated":true}]}}