{"id":98371,"date":"2023-03-01T14:43:53","date_gmt":"2023-03-01T17:43:53","guid":{"rendered":"https:\/\/www.actualidadadiario.com\/?p=98371"},"modified":"2023-03-01T14:43:53","modified_gmt":"2023-03-01T17:43:53","slug":"massa-participo-de-la-apertura-desde-un-balcon-por-que-no-estuvo-con-el-resto-del-gabinete","status":"publish","type":"post","link":"https:\/\/www.actualidadadiario.com\/index.php\/2023\/03\/01\/massa-participo-de-la-apertura-desde-un-balcon-por-que-no-estuvo-con-el-resto-del-gabinete\/","title":{"rendered":"Massa particip\u00f3 de la apertura desde un balc\u00f3n: por qu\u00e9 no estuvo con el resto del Gabinete"},"content":{"rendered":"<p style=\"text-align: center;\"><em><strong>El ministro de Econom\u00eda escuch\u00f3 el discurso desde uno de los balcones junto con otros expresidentes de la C\u00e1mara de Diputados. El titular del Palacio de Hacienda fue reconocido por Alberto Fern\u00e1ndez en su discurso<\/strong><\/em><\/p>\n<p>&nbsp;<\/p>\n<p>&nbsp;<\/p>\n<p>El ministro de Econom\u00eda, Sergio Massa, fue reconocido por el presidente de la Naci\u00f3n Alberto Fern\u00e1ndez en su discurso de sesiones ordinarias debido al trabajo realizado en los \u00faltimos meses. Sin embargo, el titular del Palacio de Hacienda se encontraba en un balc\u00f3n, separado del resto del Gabinete nacional.<\/p>\n<p>&#8220;Quiero se\u00f1alar y agradecer p\u00fablicamente el compromiso de Sergio Massa, quien dej\u00f3 la presidencia de esta C\u00e1mara para venir a sumarse a la compleja tarea de conducir el Ministerio de Econom\u00eda&#8221;, se\u00f1al\u00f3 el mandatario.<\/p>\n<p>&#8220;Cumplimos este a\u00f1os con las pautas fiscales que nos propusimos, reduciendo el d\u00e9ficit fiscal que se ubic\u00f3 en el 2,4% del PBI. La recaudaci\u00f3n lleva 29 meses consecutivos de crecimiento por encima de la variaci\u00f3n de los precios. Eso debe ser el crecimiento econ\u00f3mico: los cambios de la estructura tributaria y el crecimiento institucional de la AFIP&#8221;, agreg\u00f3.<\/p>\n<p>Al momento del agradecimiento, Massa se encontraba en un balc\u00f3n junto a Juli\u00e1n Dom\u00ednguez, expresidente de la C\u00e1mara de Diputados desde 2011.<\/p>\n<p>&nbsp;<\/p>\n<p><strong>Por qu\u00e9 Massa no estaba con el resto del Gabinete<\/strong><\/p>\n<p>Lo cierto es que el Ministro de Econom\u00eda escuch\u00f3 el discurso de Alberto Fern\u00e1ndez desde uno de los balcones junto a otros expresidentes de la C\u00e1mara baja del Congreso nacional en el marco de un homenaje pensado por el cuerpo legislativo presidido por Cecilia Moreau.<\/p>\n<p>Debido a la apertura de las Sesiones Ordinarias en el Congreso de la Naci\u00f3n, la C\u00e1mara de Diputados reconocer\u00e1 especialmente a extitulares del cuerpo, entre los que se encuentran Sergio Massa, Juli\u00e1n Dom\u00ednguez, Emilio Monz\u00f3 y Rafael Pascual.<\/p>\n<p>Desde las 9.30hs, en el Sal\u00f3n de Honor, se realizar\u00e1 una recepci\u00f3n especial para los ex presidentes de la HCDN, que ejercieron durante estos 40 a\u00f1os de democracia.<\/p>\n<p>Fueron invitados a la celebraci\u00f3n en Sal\u00f3n de Honor Sergio Massa, Emilio Monz\u00f3, Juli\u00e1n Dom\u00ednguez, Eduardo Fellner, Rafael Pascual, Leopoldo Moreau, Eduardo Cama\u00f1o y Alberto Pierri.<\/p>\n","protected":false},"excerpt":{"rendered":"<p>El ministro de Econom\u00eda escuch\u00f3 el discurso desde uno de los balcones junto con otros expresidentes de la C\u00e1mara de Diputados. El titular del Palacio de Hacienda fue reconocido por Alberto Fern\u00e1ndez en su discurso &nbsp; &nbsp; El ministro de Econom\u00eda, Sergio Massa, fue reconocido por el presidente de la Naci\u00f3n Alberto Fern\u00e1ndez en su discurso de sesiones ordinarias debido al trabajo realizado en los \u00faltimos meses. Sin embargo, el titular del Palacio de Hacienda se encontraba en un balc\u00f3n, separado del resto del Gabinete nacional. &#8220;Quiero se\u00f1alar y agradecer&#8230;<\/p>\n","protected":false},"author":3,"featured_media":98372,"comment_status":"closed","ping_status":"closed","sticky":false,"template":"","format":"standard","meta":[],"categories":[18],"tags":[],"_links":{"self":[{"href":"https:\/\/www.actualidadadiario.com\/index.php\/wp-json\/wp\/v2\/posts\/98371"}],"collection":[{"href":"https:\/\/www.actualidadadiario.com\/index.php\/wp-json\/wp\/v2\/posts"}],"about":[{"href":"https:\/\/www.actualidadadiario.com\/index.php\/wp-json\/wp\/v2\/types\/post"}],"author":[{"embeddable":true,"href":"https:\/\/www.actualidadadiario.com\/index.php\/wp-json\/wp\/v2\/users\/3"}],"replies":[{"embeddable":true,"href":"https:\/\/www.actualidadadiario.com\/index.php\/wp-json\/wp\/v2\/comments?post=98371"}],"version-history":[{"count":1,"href":"https:\/\/www.actualidadadiario.com\/index.php\/wp-json\/wp\/v2\/posts\/98371\/revisions"}],"predecessor-version":[{"id":98373,"href":"https:\/\/www.actualidadadiario.com\/index.php\/wp-json\/wp\/v2\/posts\/98371\/revisions\/98373"}],"wp:featuredmedia":[{"embeddable":true,"href":"https:\/\/www.actualidadadiario.com\/index.php\/wp-json\/wp\/v2\/media\/98372"}],"wp:attachment":[{"href":"https:\/\/www.actualidadadiario.com\/index.php\/wp-json\/wp\/v2\/media?parent=98371"}],"wp:term":[{"taxonomy":"category","embeddable":true,"href":"https:\/\/www.actualidadadiario.com\/index.php\/wp-json\/wp\/v2\/categories?post=98371"},{"taxonomy":"post_tag","embeddable":true,"href":"https:\/\/www.actualidadadiario.com\/index.php\/wp-json\/wp\/v2\/tags?post=98371"}],"curies":[{"name":"wp","href":"https:\/\/api.w.org\/{rel}","templated":true}]}}