{"id":98368,"date":"2023-03-01T14:43:08","date_gmt":"2023-03-01T17:43:08","guid":{"rendered":"https:\/\/www.actualidadadiario.com\/?p=98368"},"modified":"2023-03-01T17:34:49","modified_gmt":"2023-03-01T20:34:49","slug":"senal-de-unidad-fuertes-gestos-de-alberto-fernandez-hacia-cristina-kirchner","status":"publish","type":"post","link":"https:\/\/www.actualidadadiario.com\/index.php\/2023\/03\/01\/senal-de-unidad-fuertes-gestos-de-alberto-fernandez-hacia-cristina-kirchner\/","title":{"rendered":"Se\u00f1al de unidad: fuertes gestos de Alberto Fern\u00e1ndez hacia Cristina Kirchner"},"content":{"rendered":"<p style=\"text-align: center;\"><em><strong>El presidente de la Naci\u00f3n brind\u00f3 su \u00faltimo discurso de apertura de sesiones ordinarias en el Congreso de la Naci\u00f3n y mostr\u00f3 gestos hacia la vicepresidenta<\/strong><\/em><\/p>\n<p>&nbsp;<\/p>\n<p>&nbsp;<\/p>\n<p>Alberto Fern\u00e1ndez brind\u00f3 este mi\u00e9rcoles su \u00faltimo discurso de apertura de sesiones ordinarias en el Congreso de la Naci\u00f3n y mostr\u00f3 gestos hacia Cristina Kirchner, en una se\u00f1al de intento de unidad entre la f\u00f3rmula presidencial de cara al \u00faltimo a\u00f1o de mandato.<\/p>\n<p>En medio de una ya conocida interna del Frente de Todos y una mesa pol\u00edtica de cara a las elecciones, que tiene al presidente y a la vicepresidenta como principales protagonistas, el mandatario hizo referencia a la presidenta de la C\u00e1mara de Senadores en distintos puntos de su discurso.<\/p>\n<p>&nbsp;<\/p>\n<p><strong>El reclamo a la Justicia por el &#8220;intento de homicidio&#8221;<\/strong><\/p>\n<p>En sus primeras palabras frente a los legisladores y funcionarios presentes, Alberto Fern\u00e1ndez pidi\u00f3 a la Justicia el esclarecimiento del &#8220;intento de homicidio&#8221; contra Cristina Fern\u00e1ndez de Kirchner: &#8220;Quiero se\u00f1alar en este instante de revalorizaci\u00f3n de la democracia que hace seis meses estuvimos frente a uno de los episodios m\u00e1s desgraciados vividos en estos 40 a\u00f1os, como fue el intento de asesinato de nuestra vicepresidente de la Naci\u00f3n Cristina Fern\u00e1ndez de Kirchner&#8221;.<\/p>\n<p>Si bien el Presidente le dedic\u00f3 algunos minutos al hecho, fue uno de los primeros temas de su discurso, con la presencia de la vicepresidenta a su lado.<\/p>\n<p>&#8220;Frente a todos ustedes vuelvo a exigir hoy a la Justicia que profundice la investigaci\u00f3n de aquel hecho, juzgue y condene a quienes fueron los autores intelectuales y materiales de ese intento de homicidio. Le pido a la Justicia que act\u00fae con la misma premura con la que archiva causas en las que jueces, fiscales o empresarios poderosos asoman como imputados&#8221;, agreg\u00f3 en relaci\u00f3n al accionar del poder judicial.<\/p>\n<p>&nbsp;<\/p>\n<p><strong>Condena en la Causa Vialidad<\/strong><\/p>\n<p>Como se esperaba, el discurso no dej\u00f3 pasar la situaci\u00f3n judicial de Cristina Kirchner y el accionar de la Justicia en la Causa Vialidad. En este contexto, Fern\u00e1ndez denunci\u00f3 una comuni\u00f3n entre el Poder Judicial, empresarios y dirigentes de la oposici\u00f3n:<\/p>\n<p>&#8220;Hace a\u00f1os que venimos denunciando la conformaci\u00f3n de una estructura que opera de manera coordinada en la que se involucran miembros del Poder Judicial, medios de comunicaci\u00f3n y pol\u00edticos de la oposici\u00f3n&#8221;.<\/p>\n<p>&#8220;En varias ocasiones este accionar fue apuntalado por los servicios de inteligencia y seguridad en clara violaci\u00f3n a las prohibiciones que establece la ley&#8221;, agreg\u00f3.<\/p>\n<p>E hizo alusi\u00f3n directa a la condena: &#8220;Hace unos meses esta organizaci\u00f3n coron\u00f3 su actuaci\u00f3n con una condena en primera instancia a la Vicepresidenta de la Naci\u00f3n. Lo hicieron tras simular un juicio en el que no se cuidaron las formas m\u00ednimas del debido proceso y se formularon imputaciones que rayan con el absurdo jur\u00eddico buscando su inhabilitaci\u00f3n pol\u00edtica&#8221;.<\/p>\n<p>&nbsp;<\/p>\n<p><strong>YPF<\/strong><\/p>\n<p>A su vez, el Presidente destac\u00f3 los 100 a\u00f1os de YPF e hizo referencia a la nacionalizaci\u00f3n llevada a cabo durante el mandato de la actual vicepresidenta:<\/p>\n<p>&#8220;Quiero destacar especialmente la nueva situaci\u00f3n de YPF que en mayo del a\u00f1o pasado cumpli\u00f3 sus primeros 100 a\u00f1os desde su creaci\u00f3n y 10 a\u00f1os desde la nacionalizaci\u00f3n que se llev\u00f3 adelante durante la presidencia de Cristina Fern\u00e1ndez Kirchner y que hoy nos permite saber que los logros de YPF son logros de todas y todos los argentinos&#8221;.<\/p>\n","protected":false},"excerpt":{"rendered":"<p>El presidente de la Naci\u00f3n brind\u00f3 su \u00faltimo discurso de apertura de sesiones ordinarias en el Congreso de la Naci\u00f3n y mostr\u00f3 gestos hacia la vicepresidenta &nbsp; &nbsp; Alberto Fern\u00e1ndez brind\u00f3 este mi\u00e9rcoles su \u00faltimo discurso de apertura de sesiones ordinarias en el Congreso de la Naci\u00f3n y mostr\u00f3 gestos hacia Cristina Kirchner, en una se\u00f1al de intento de unidad entre la f\u00f3rmula presidencial de cara al \u00faltimo a\u00f1o de mandato. En medio de una ya conocida interna del Frente de Todos y una mesa pol\u00edtica de cara a las&#8230;<\/p>\n","protected":false},"author":3,"featured_media":98405,"comment_status":"closed","ping_status":"closed","sticky":false,"template":"","format":"standard","meta":[],"categories":[9],"tags":[],"_links":{"self":[{"href":"https:\/\/www.actualidadadiario.com\/index.php\/wp-json\/wp\/v2\/posts\/98368"}],"collection":[{"href":"https:\/\/www.actualidadadiario.com\/index.php\/wp-json\/wp\/v2\/posts"}],"about":[{"href":"https:\/\/www.actualidadadiario.com\/index.php\/wp-json\/wp\/v2\/types\/post"}],"author":[{"embeddable":true,"href":"https:\/\/www.actualidadadiario.com\/index.php\/wp-json\/wp\/v2\/users\/3"}],"replies":[{"embeddable":true,"href":"https:\/\/www.actualidadadiario.com\/index.php\/wp-json\/wp\/v2\/comments?post=98368"}],"version-history":[{"count":1,"href":"https:\/\/www.actualidadadiario.com\/index.php\/wp-json\/wp\/v2\/posts\/98368\/revisions"}],"predecessor-version":[{"id":98370,"href":"https:\/\/www.actualidadadiario.com\/index.php\/wp-json\/wp\/v2\/posts\/98368\/revisions\/98370"}],"wp:featuredmedia":[{"embeddable":true,"href":"https:\/\/www.actualidadadiario.com\/index.php\/wp-json\/wp\/v2\/media\/98405"}],"wp:attachment":[{"href":"https:\/\/www.actualidadadiario.com\/index.php\/wp-json\/wp\/v2\/media?parent=98368"}],"wp:term":[{"taxonomy":"category","embeddable":true,"href":"https:\/\/www.actualidadadiario.com\/index.php\/wp-json\/wp\/v2\/categories?post=98368"},{"taxonomy":"post_tag","embeddable":true,"href":"https:\/\/www.actualidadadiario.com\/index.php\/wp-json\/wp\/v2\/tags?post=98368"}],"curies":[{"name":"wp","href":"https:\/\/api.w.org\/{rel}","templated":true}]}}