{"id":98362,"date":"2023-03-01T13:42:31","date_gmt":"2023-03-01T16:42:31","guid":{"rendered":"https:\/\/www.actualidadadiario.com\/?p=98362"},"modified":"2023-03-01T13:42:31","modified_gmt":"2023-03-01T16:42:31","slug":"gerardo-morales-confirmo-que-si-es-presidente-arreglara-con-el-peronismo","status":"publish","type":"post","link":"https:\/\/www.actualidadadiario.com\/index.php\/2023\/03\/01\/gerardo-morales-confirmo-que-si-es-presidente-arreglara-con-el-peronismo\/","title":{"rendered":"Gerardo Morales confirm\u00f3 que si es presidente arreglar\u00e1 con el peronismo"},"content":{"rendered":"<p style=\"text-align: center;\"><em><strong>Tal como lo ven\u00edan advirtiendo varios sectores de Juntos por el Cambio, esta vez fue Gerardo Morales quien sali\u00f3 a difundir el futuro acuerdo<\/strong><\/em><\/p>\n<p>&nbsp;<\/p>\n<p>&nbsp;<\/p>\n<p>Las redes sociales son un term\u00f3metro de la opini\u00f3n social. Pese a que muchos dirigentes, funcionarios y periodistas han intentado bajarle el precio hoy Twitter, anticipa muchos de los movimientos pol\u00edticos. Una de las cr\u00edticas m\u00e1s fuertes que sufre hoy Gerardo Morales en el seno de Juntos por el Cambio, es su actitud dialoguista con varios sectores del oficialismo nacional. Adem\u00e1s, se relaciona con muchas ramas del Partido Justicialista que hoy no integran el Frente de Todos.<\/p>\n<p>&nbsp;<\/p>\n<p><strong>Gerardo Morales y su acercamiento al peronismo<\/strong><\/p>\n<p>Tal como lo advirtieron cientos de militantes durante los \u00faltimos meses en la redes, Gerardo Morales tiene la intenci\u00f3n de arreglar con una parte importante del peronismo, en caso de convertirse en presidente de la Naci\u00f3n. De hecho es importante resaltar que en la provincia de Jujuy, el mandatario norte\u00f1o gobierno con una alianza que incluye a varios sectores del justicialismo, tanto as\u00ed que el vicegobernador de la provincia es peronista e integr\u00f3 el Frente Renovador de Sergio Massa<\/p>\n<p>Inclusive el senador opositor Guillermo Snopek fue quien asever\u00f3, de manera directa, que hay un acuerdo entre el PJ nacional, conducido por Alberto Fern\u00e1ndez y Gerardo Morales. \u201cEn Jujuy, pertenecer a nivel nacional al Frente de Todos me genera muchos problemas pol\u00edticos. El PJ en Jujuy es el que est\u00e1 persiguiendo a quien piensa distinto, es un brazo ejecutor de Morales\u201d, asegur\u00f3 el parlamentario.<\/p>\n<p>\u201cYo me anoto en el di\u00e1logo, hay un peronismo racional, expresado por Schiaretti, con el que hay que tener puertas abiertas para dialogar y construir. El pa\u00eds necesita di\u00e1logo. Necesitamos aprobar la ley de GNL para exportar gas, aprobar la ley de movilidad el\u00e9ctrica para fabricar autos el\u00e9ctricos, hay que aprobar la ley de hidr\u00f3geno verde. El kirchnerismo debe entender que cumpli\u00f3 su ciclo\u201d, se\u00f1al\u00f3 Morales en una entrevista, dejando en claro que \u00e9l ya est\u00e1 pensando en un acuerdo con el peronismo.<\/p>\n<p>&nbsp;<\/p>\n<p><strong>Milei y los halcones<\/strong><\/p>\n<p>Gerardo Morales sali\u00f3 a enfrentar las cr\u00edticas y apunt\u00f3 contra los \u201chalcones\u201d de Juntos por el Cambio y de paso carg\u00f3 contra Javier Milei. \u201cLos duros no s\u00e9 si han tenido la firmeza para resolver los problemas que tuve en Jujuy, son halcones de pico. Patricia Bullrich ha gestionado bien, los halcones de pico son satelitales, pero est\u00e1n dentro de nuestro frente. Picotean pero nunca han gobernado bien. Milei es un fraude electoral, no gobern\u00f3 nada, le dan un autito de juguete y lo choca\u201d, se\u00f1al\u00f3.<\/p>\n","protected":false},"excerpt":{"rendered":"<p>Tal como lo ven\u00edan advirtiendo varios sectores de Juntos por el Cambio, esta vez fue Gerardo Morales quien sali\u00f3 a difundir el futuro acuerdo &nbsp; &nbsp; Las redes sociales son un term\u00f3metro de la opini\u00f3n social. Pese a que muchos dirigentes, funcionarios y periodistas han intentado bajarle el precio hoy Twitter, anticipa muchos de los movimientos pol\u00edticos. Una de las cr\u00edticas m\u00e1s fuertes que sufre hoy Gerardo Morales en el seno de Juntos por el Cambio, es su actitud dialoguista con varios sectores del oficialismo nacional. Adem\u00e1s, se relaciona con&#8230;<\/p>\n","protected":false},"author":3,"featured_media":98363,"comment_status":"closed","ping_status":"closed","sticky":false,"template":"","format":"standard","meta":[],"categories":[18],"tags":[],"_links":{"self":[{"href":"https:\/\/www.actualidadadiario.com\/index.php\/wp-json\/wp\/v2\/posts\/98362"}],"collection":[{"href":"https:\/\/www.actualidadadiario.com\/index.php\/wp-json\/wp\/v2\/posts"}],"about":[{"href":"https:\/\/www.actualidadadiario.com\/index.php\/wp-json\/wp\/v2\/types\/post"}],"author":[{"embeddable":true,"href":"https:\/\/www.actualidadadiario.com\/index.php\/wp-json\/wp\/v2\/users\/3"}],"replies":[{"embeddable":true,"href":"https:\/\/www.actualidadadiario.com\/index.php\/wp-json\/wp\/v2\/comments?post=98362"}],"version-history":[{"count":1,"href":"https:\/\/www.actualidadadiario.com\/index.php\/wp-json\/wp\/v2\/posts\/98362\/revisions"}],"predecessor-version":[{"id":98364,"href":"https:\/\/www.actualidadadiario.com\/index.php\/wp-json\/wp\/v2\/posts\/98362\/revisions\/98364"}],"wp:featuredmedia":[{"embeddable":true,"href":"https:\/\/www.actualidadadiario.com\/index.php\/wp-json\/wp\/v2\/media\/98363"}],"wp:attachment":[{"href":"https:\/\/www.actualidadadiario.com\/index.php\/wp-json\/wp\/v2\/media?parent=98362"}],"wp:term":[{"taxonomy":"category","embeddable":true,"href":"https:\/\/www.actualidadadiario.com\/index.php\/wp-json\/wp\/v2\/categories?post=98362"},{"taxonomy":"post_tag","embeddable":true,"href":"https:\/\/www.actualidadadiario.com\/index.php\/wp-json\/wp\/v2\/tags?post=98362"}],"curies":[{"name":"wp","href":"https:\/\/api.w.org\/{rel}","templated":true}]}}