{"id":98359,"date":"2023-03-01T13:22:56","date_gmt":"2023-03-01T16:22:56","guid":{"rendered":"https:\/\/www.actualidadadiario.com\/?p=98359"},"modified":"2023-03-01T13:22:56","modified_gmt":"2023-03-01T16:22:56","slug":"messi-le-respondio-a-benzema-luego-del-posteo-donde-cuestiono-los-premios-the-best","status":"publish","type":"post","link":"https:\/\/www.actualidadadiario.com\/index.php\/2023\/03\/01\/messi-le-respondio-a-benzema-luego-del-posteo-donde-cuestiono-los-premios-the-best\/","title":{"rendered":"Messi le respondi\u00f3 a Benzema luego del posteo donde cuestion\u00f3 los premios The Best"},"content":{"rendered":"<p style=\"text-align: center;\"><em><strong>El delantero del Real Madrid public\u00f3 en sus historias un posteo de otro usuario donde resalta los logros a lo largo de su carrera. Se dio despu\u00e9s de que Messi obtuviera el premio al mejor jugador FIFA<\/strong><\/em><\/p>\n<p>&nbsp;<\/p>\n<p>&nbsp;<\/p>\n<p>Despu\u00e9s de que Messi haya obtenido el premio The Best por ser el &#8220;mejor jugador FIFA&#8221;, las cr\u00edticas en redes sociales comenzaron a tener un protagonismo m\u00e1s fuerte sobre todo luego de que el mismo Karim Benzema decidiera entrar en el juego.<\/p>\n<p>El martes el delantero del Real Madrid, que no estuvo presente en los premios por una cl\u00e1usula impuesta por el club, public\u00f3 en sus historias de Instagram un recorte de un posteo del usuario @prime.benzi donde remarca todos los logros de Benzema en su carrera.<\/p>\n<p>Esto gener\u00f3 pol\u00e9mica y dio a entender el enojo del futbolista sobre la elecci\u00f3n que hab\u00eda ocurrido horas antes en Francia. Aun as\u00ed, el delantero no dio declaraciones ni realiz\u00f3 mayores posteos al respecto.<\/p>\n<p>A pesar de que parec\u00eda que las idas y vueltas sobre &#8220;qui\u00e9n era mejor&#8221; llegaba a su fin, este mi\u00e9rcoles Messi utiliz\u00f3 sus redes y subi\u00f3 dos historias m\u00e1s que emotivas y que recuerdan al logro obtenido en diciembre de 2022.<\/p>\n<p>El delantero de la Selecci\u00f3n Argentina public\u00f3 una foto levantando la copa del mundo y otra bes\u00e1ndola. Muchos sostienen que fueron subidas para recordar el tercero t\u00edtulo y el cari\u00f1o que le genera su &#8220;book&#8221; de fotos.<\/p>\n<p>Mientras que otros sospechan que fue como respuesta a Benzema recordando que fue elegido porque hace tan solo meses logr\u00f3 conseguir el Mundial.<\/p>\n<p>Desde el inicio de la carrera futbol\u00edstica de ambos se conocieron diversos encuentros sobre todo cuando Messi visti\u00f3 la camiseta del Barcelona y Benzema lo sigue haciendo con la del Real Madrid.<\/p>\n","protected":false},"excerpt":{"rendered":"<p>El delantero del Real Madrid public\u00f3 en sus historias un posteo de otro usuario donde resalta los logros a lo largo de su carrera. Se dio despu\u00e9s de que Messi obtuviera el premio al mejor jugador FIFA &nbsp; &nbsp; Despu\u00e9s de que Messi haya obtenido el premio The Best por ser el &#8220;mejor jugador FIFA&#8221;, las cr\u00edticas en redes sociales comenzaron a tener un protagonismo m\u00e1s fuerte sobre todo luego de que el mismo Karim Benzema decidiera entrar en el juego. El martes el delantero del Real Madrid, que no&#8230;<\/p>\n","protected":false},"author":3,"featured_media":98360,"comment_status":"closed","ping_status":"closed","sticky":false,"template":"","format":"standard","meta":[],"categories":[4],"tags":[],"_links":{"self":[{"href":"https:\/\/www.actualidadadiario.com\/index.php\/wp-json\/wp\/v2\/posts\/98359"}],"collection":[{"href":"https:\/\/www.actualidadadiario.com\/index.php\/wp-json\/wp\/v2\/posts"}],"about":[{"href":"https:\/\/www.actualidadadiario.com\/index.php\/wp-json\/wp\/v2\/types\/post"}],"author":[{"embeddable":true,"href":"https:\/\/www.actualidadadiario.com\/index.php\/wp-json\/wp\/v2\/users\/3"}],"replies":[{"embeddable":true,"href":"https:\/\/www.actualidadadiario.com\/index.php\/wp-json\/wp\/v2\/comments?post=98359"}],"version-history":[{"count":1,"href":"https:\/\/www.actualidadadiario.com\/index.php\/wp-json\/wp\/v2\/posts\/98359\/revisions"}],"predecessor-version":[{"id":98361,"href":"https:\/\/www.actualidadadiario.com\/index.php\/wp-json\/wp\/v2\/posts\/98359\/revisions\/98361"}],"wp:featuredmedia":[{"embeddable":true,"href":"https:\/\/www.actualidadadiario.com\/index.php\/wp-json\/wp\/v2\/media\/98360"}],"wp:attachment":[{"href":"https:\/\/www.actualidadadiario.com\/index.php\/wp-json\/wp\/v2\/media?parent=98359"}],"wp:term":[{"taxonomy":"category","embeddable":true,"href":"https:\/\/www.actualidadadiario.com\/index.php\/wp-json\/wp\/v2\/categories?post=98359"},{"taxonomy":"post_tag","embeddable":true,"href":"https:\/\/www.actualidadadiario.com\/index.php\/wp-json\/wp\/v2\/tags?post=98359"}],"curies":[{"name":"wp","href":"https:\/\/api.w.org\/{rel}","templated":true}]}}