{"id":98357,"date":"2023-03-01T13:22:08","date_gmt":"2023-03-01T16:22:08","guid":{"rendered":"https:\/\/www.actualidadadiario.com\/?p=98357"},"modified":"2023-03-01T13:22:08","modified_gmt":"2023-03-01T16:22:08","slug":"ya-son-mas-de-51-000-las-victimas-fatales-por-el-terremoto-en-turquia-y-siria","status":"publish","type":"post","link":"https:\/\/www.actualidadadiario.com\/index.php\/2023\/03\/01\/ya-son-mas-de-51-000-las-victimas-fatales-por-el-terremoto-en-turquia-y-siria\/","title":{"rendered":"Ya son m\u00e1s de 51.000 las v\u00edctimas fatales por el terremoto en Turqu\u00eda y Siria"},"content":{"rendered":"<p style=\"text-align: center;\"><em><strong>Adem\u00e1s, el fen\u00f3meno y los fuertes temblores posteriores causaron m\u00e1s de 108.000 heridos en Turqu\u00eda<\/strong><\/em><\/p>\n<p>&nbsp;<\/p>\n<p>&nbsp;<\/p>\n<p>El n\u00famero de muertos en Turqu\u00eda por el devastador terremoto del mes pasado aument\u00f3 a 45.089, seg\u00fan inform\u00f3 este mi\u00e9rcoles la Autoridad de Gesti\u00f3n de Desastres y Emergencias (AFAD, por sus siglas en turco), con lo que el total de v\u00edctimas, incluida Siria, asciende a unas 51.000 personas.<\/p>\n<p>El terremoto y los fuertes temblores posteriores causaron m\u00e1s de 108.000 heridos en Turqu\u00eda y llevaron a millones de personas a refugiarse en tiendas de campa\u00f1a o a tratar de trasladarse a otras ciudades.<\/p>\n<p>El presidente Tayyip Erdogan se comprometi\u00f3 a reconstruir los hogares en el plazo de un a\u00f1o, pero pasar\u00e1n muchos meses antes de que miles de personas puedan abandonar las tiendas de campa\u00f1a o los contenedores y las colas diarias para conseguir alimentos y trasladarse a viviendas permanentes.<\/p>\n<p>M\u00e1s de 160.000 edificios turcos con 520.000 apartamentos se derrumbaron o sufrieron graves da\u00f1os en la cat\u00e1strofe, la peor de la historia moderna del pa\u00eds.<\/p>\n<p>Unos dos millones de personas huyeron de la regi\u00f3n, que sufri\u00f3 m\u00e1s de 11.000 r\u00e9plicas desde el terremoto inicial, seg\u00fan inform\u00f3 AFAD en un comunicado.<\/p>\n<p>La organizaci\u00f3n afirm\u00f3 que hab\u00eda levantado m\u00e1s de 350.000 tiendas de campa\u00f1a y que hay campamentos de tiendas en 332 lugares de la regi\u00f3n. En 162 lugares se establecieron asentamientos de contenedores.<\/p>\n","protected":false},"excerpt":{"rendered":"<p>Adem\u00e1s, el fen\u00f3meno y los fuertes temblores posteriores causaron m\u00e1s de 108.000 heridos en Turqu\u00eda &nbsp; &nbsp; El n\u00famero de muertos en Turqu\u00eda por el devastador terremoto del mes pasado aument\u00f3 a 45.089, seg\u00fan inform\u00f3 este mi\u00e9rcoles la Autoridad de Gesti\u00f3n de Desastres y Emergencias (AFAD, por sus siglas en turco), con lo que el total de v\u00edctimas, incluida Siria, asciende a unas 51.000 personas. El terremoto y los fuertes temblores posteriores causaron m\u00e1s de 108.000 heridos en Turqu\u00eda y llevaron a millones de personas a refugiarse en tiendas de&#8230;<\/p>\n","protected":false},"author":3,"featured_media":98236,"comment_status":"closed","ping_status":"closed","sticky":false,"template":"","format":"standard","meta":[],"categories":[4],"tags":[],"_links":{"self":[{"href":"https:\/\/www.actualidadadiario.com\/index.php\/wp-json\/wp\/v2\/posts\/98357"}],"collection":[{"href":"https:\/\/www.actualidadadiario.com\/index.php\/wp-json\/wp\/v2\/posts"}],"about":[{"href":"https:\/\/www.actualidadadiario.com\/index.php\/wp-json\/wp\/v2\/types\/post"}],"author":[{"embeddable":true,"href":"https:\/\/www.actualidadadiario.com\/index.php\/wp-json\/wp\/v2\/users\/3"}],"replies":[{"embeddable":true,"href":"https:\/\/www.actualidadadiario.com\/index.php\/wp-json\/wp\/v2\/comments?post=98357"}],"version-history":[{"count":1,"href":"https:\/\/www.actualidadadiario.com\/index.php\/wp-json\/wp\/v2\/posts\/98357\/revisions"}],"predecessor-version":[{"id":98358,"href":"https:\/\/www.actualidadadiario.com\/index.php\/wp-json\/wp\/v2\/posts\/98357\/revisions\/98358"}],"wp:featuredmedia":[{"embeddable":true,"href":"https:\/\/www.actualidadadiario.com\/index.php\/wp-json\/wp\/v2\/media\/98236"}],"wp:attachment":[{"href":"https:\/\/www.actualidadadiario.com\/index.php\/wp-json\/wp\/v2\/media?parent=98357"}],"wp:term":[{"taxonomy":"category","embeddable":true,"href":"https:\/\/www.actualidadadiario.com\/index.php\/wp-json\/wp\/v2\/categories?post=98357"},{"taxonomy":"post_tag","embeddable":true,"href":"https:\/\/www.actualidadadiario.com\/index.php\/wp-json\/wp\/v2\/tags?post=98357"}],"curies":[{"name":"wp","href":"https:\/\/api.w.org\/{rel}","templated":true}]}}