{"id":98354,"date":"2023-03-01T13:21:29","date_gmt":"2023-03-01T16:21:29","guid":{"rendered":"https:\/\/www.actualidadadiario.com\/?p=98354"},"modified":"2023-03-01T13:21:29","modified_gmt":"2023-03-01T16:21:29","slug":"detuvieron-a-greta-thunberg-en-noruega-durante-una-protesta","status":"publish","type":"post","link":"https:\/\/www.actualidadadiario.com\/index.php\/2023\/03\/01\/detuvieron-a-greta-thunberg-en-noruega-durante-una-protesta\/","title":{"rendered":"Detuvieron a Greta Thunberg en Noruega durante una protesta"},"content":{"rendered":"<p style=\"text-align: center;\"><em><strong>La activista ambiental fue arrestada dos veces en el marco de una manifestaci\u00f3n a favor de los derechos ind\u00edgenas en Oslo<\/strong><\/em><\/p>\n<p>&nbsp;<\/p>\n<p>&nbsp;<\/p>\n<p>La activista ambiental Greta Thunberg fue detenida dos veces durante una manifestaci\u00f3n a favor de los derechos ind\u00edgenas en Oslo este mi\u00e9rcoles. La Polic\u00eda la retir\u00f3 junto a otros activistas del Ministerio de Finanzas y luego del Ministerio de Medio Ambiente.<\/p>\n<p>Thunberg se hab\u00eda unido el lunes a los manifestantes que exig\u00edan la eliminaci\u00f3n de 151 turbinas e\u00f3licas de los pastos de renos utilizados por los pastores sami en el centro de Noruega. Proclaman que una transici\u00f3n a la energ\u00eda verde no deber\u00eda realizarse a expensas de los derechos ind\u00edgenas.<\/p>\n<p>En los \u00faltimos d\u00edas, los manifestantes bloquearon el acceso a algunos edificios gubernamentales, lo que puso al gobierno minoritario de centroizquierda en situaci\u00f3n de crisis y provoc\u00f3 que el ministro de Energ\u00eda, Terje Aasland, cancelara una visita oficial a Gran Breta\u00f1a.<\/p>\n<p>La Corte Suprema de Noruega dictamin\u00f3 en 2021 que las turbinas, erigidas en dos parques e\u00f3licos en Fosen y parte del complejo de energ\u00eda e\u00f3lica terrestre m\u00e1s grande de Europa, violaron los derechos de los sami en virtud de las convenciones internacionales, pero siguen en funcionamiento m\u00e1s de 16 meses despu\u00e9s.<\/p>\n<p>Thunberg, que sosten\u00eda una bandera sami roja, azul, amarilla y verde, fue levantada y llevada por agentes de polic\u00eda del Ministerio de Finanzas mientras cientos de manifestantes coreaban consignas.<\/p>\n<p>\u201cQueremos dejar muy claro que es el estado noruego el que est\u00e1 cometiendo el verdadero crimen aqu\u00ed, por violar los derechos humanos\u201d, declar\u00f3 la joven a la agencia de noticias Reuters minutos antes de ser abordada por los agentes.<\/p>\n<p>&nbsp;<\/p>\n<p><strong>Visitaron diferentes carteras gubernamentales<\/strong><\/p>\n<p>Thunberg y otros manifestantes bloquearon m\u00e1s tarde la entrada al Ministerio de Clima y Medio Ambiente y la Polic\u00eda los retir\u00f3 nuevamente.<\/p>\n<p>Para muchos, se trata de una abanderada mundial de la campa\u00f1a para poner fin a la dependencia mundial de la energ\u00eda basada en el carbono, fue liberado junto con otros activistas que tambi\u00e9n hab\u00edan sido detenidos.<\/p>\n<p>Los pastores de renos dicen que la vista y el sonido de la gigantesca maquinaria de energ\u00eda e\u00f3lica asustan a sus animales y alteran las antiguas tradiciones.<\/p>\n<p>La activista clim\u00e1tica sueca ya hab\u00eda sido detenida este a\u00f1o, m\u00e1s precisamente el 16 de enero pasado, junto a un grupo de militantes ecologistas durante las protestas contra la demolici\u00f3n del pueblo carbonero L\u00fctzerath, seg\u00fan la Polic\u00eda.<\/p>\n","protected":false},"excerpt":{"rendered":"<p>La activista ambiental fue arrestada dos veces en el marco de una manifestaci\u00f3n a favor de los derechos ind\u00edgenas en Oslo &nbsp; &nbsp; La activista ambiental Greta Thunberg fue detenida dos veces durante una manifestaci\u00f3n a favor de los derechos ind\u00edgenas en Oslo este mi\u00e9rcoles. La Polic\u00eda la retir\u00f3 junto a otros activistas del Ministerio de Finanzas y luego del Ministerio de Medio Ambiente. Thunberg se hab\u00eda unido el lunes a los manifestantes que exig\u00edan la eliminaci\u00f3n de 151 turbinas e\u00f3licas de los pastos de renos utilizados por los pastores&#8230;<\/p>\n","protected":false},"author":3,"featured_media":98355,"comment_status":"closed","ping_status":"closed","sticky":false,"template":"","format":"standard","meta":[],"categories":[4],"tags":[],"_links":{"self":[{"href":"https:\/\/www.actualidadadiario.com\/index.php\/wp-json\/wp\/v2\/posts\/98354"}],"collection":[{"href":"https:\/\/www.actualidadadiario.com\/index.php\/wp-json\/wp\/v2\/posts"}],"about":[{"href":"https:\/\/www.actualidadadiario.com\/index.php\/wp-json\/wp\/v2\/types\/post"}],"author":[{"embeddable":true,"href":"https:\/\/www.actualidadadiario.com\/index.php\/wp-json\/wp\/v2\/users\/3"}],"replies":[{"embeddable":true,"href":"https:\/\/www.actualidadadiario.com\/index.php\/wp-json\/wp\/v2\/comments?post=98354"}],"version-history":[{"count":1,"href":"https:\/\/www.actualidadadiario.com\/index.php\/wp-json\/wp\/v2\/posts\/98354\/revisions"}],"predecessor-version":[{"id":98356,"href":"https:\/\/www.actualidadadiario.com\/index.php\/wp-json\/wp\/v2\/posts\/98354\/revisions\/98356"}],"wp:featuredmedia":[{"embeddable":true,"href":"https:\/\/www.actualidadadiario.com\/index.php\/wp-json\/wp\/v2\/media\/98355"}],"wp:attachment":[{"href":"https:\/\/www.actualidadadiario.com\/index.php\/wp-json\/wp\/v2\/media?parent=98354"}],"wp:term":[{"taxonomy":"category","embeddable":true,"href":"https:\/\/www.actualidadadiario.com\/index.php\/wp-json\/wp\/v2\/categories?post=98354"},{"taxonomy":"post_tag","embeddable":true,"href":"https:\/\/www.actualidadadiario.com\/index.php\/wp-json\/wp\/v2\/tags?post=98354"}],"curies":[{"name":"wp","href":"https:\/\/api.w.org\/{rel}","templated":true}]}}