{"id":98348,"date":"2023-03-01T13:20:02","date_gmt":"2023-03-01T16:20:02","guid":{"rendered":"https:\/\/www.actualidadadiario.com\/?p=98348"},"modified":"2023-03-01T13:20:02","modified_gmt":"2023-03-01T16:20:02","slug":"chocaron-dos-trenes-en-grecia-reportaron-al-menos-32-muertos-y-85-heridos","status":"publish","type":"post","link":"https:\/\/www.actualidadadiario.com\/index.php\/2023\/03\/01\/chocaron-dos-trenes-en-grecia-reportaron-al-menos-32-muertos-y-85-heridos\/","title":{"rendered":"Chocaron dos trenes en Grecia: reportaron al menos 32 muertos y 85 heridos"},"content":{"rendered":"<p style=\"text-align: center;\"><em><strong>Unas 350 personas viajaban en una de las formaciones que colisionaron cuando circulaban por la misma v\u00eda. Se investiga el motivo del accidente<\/strong><\/em><\/p>\n<p>&nbsp;<\/p>\n<p>&nbsp;<\/p>\n<p>Dos trenes chocaron de frente en Grecia el martes por la noche y dejaron un saldo de 32 muertos y al menos 85 heridos, seg\u00fan anunci\u00f3 el cuerpo de bomberos, mientras que las circunstancias del accidente siguen sin estar claras.<\/p>\n<p>Un tren de pasajeros que viajaba de Atenas a la ciudad norte\u00f1a de Tesal\u00f3nica choc\u00f3 con un tren de carga en las afueras de la ciudad de Larissa, en el centro de Grecia, expres\u00f3 el gobernador de la regi\u00f3n de Tesalia.<\/p>\n<p>El impacto provoc\u00f3 un incendio en varios de los vagones de pasajeros, causando quemaduras a muchos viajeros que fueron trasladados de urgencia a hospitales.<\/p>\n<p>&#8220;La colisi\u00f3n fue muy fuerte&#8221;, asegur\u00f3 el gobernador Konstantinos Agorastos a SKAI TV, y agreg\u00f3 que los primeros cuatro vagones del tren de pasajeros se descarrilaron.<\/p>\n<p>Adem\u00e1s, indic\u00f3 que los cuatro primeros vagones del tren de pasajeros descarrilaron en el choque, mientras que los dos primeros, que se incendiaron, quedaron &#8220;casi completamente destruidos&#8221;. Los dos trenes se estrellaron en la misma v\u00eda.<\/p>\n<p>&#8220;Viajaban a gran velocidad y uno (el conductor) no sab\u00eda que el otro se acercaba&#8221;, dijo el gobernador.<\/p>\n<p>Por su lado, Stergios Minenis, un pasajero de 28 a\u00f1os que salt\u00f3 de la formaci\u00f3n para estar a salvo, dijo: &#8220;O\u00edmos un gran estruendo, fueron 10 segundos de pesadilla&#8221;.<\/p>\n<p>&#8220;Estuvimos dando vueltas en el vag\u00f3n hasta que ca\u00edmos de costado, entonces cundi\u00f3 el p\u00e1nico, cables (por todas partes) fuego, el incendio fue inmediato, mientras nos d\u00e1bamos la vuelta nos est\u00e1bamos quemando, fuego a diestro y siniestro&#8221;, agreg\u00f3.<\/p>\n<p>Alrededor de 250 pasajeros fueron evacuados de manera segura a Tesal\u00f3nica en autobuses. Un pasajero le dijo a la emisora \u200b\u200b\u200b\u200bestatal ERT que logr\u00f3 escapar despu\u00e9s de romper la ventana del tren con su maleta.<\/p>\n<p>&#8220;Hab\u00eda p\u00e1nico en el vag\u00f3n, la gente gritaba&#8221;, revel\u00f3 a SKAI TV un joven que fue evacuado a un puente cercano.<\/p>\n<p>&#8220;Fue como un terremoto&#8221;, a\u00f1adi\u00f3 a ERT Angelos Tsiamouras, otro pasajero.<\/p>\n<p>La emisora \u200b\u200bSKAI mostr\u00f3 im\u00e1genes de vagones descarrilados, gravemente da\u00f1ados con ventanas rotas y espesas columnas de humo, as\u00ed como escombros esparcidos por la carretera. Se vio a los equipos de rescate portando antorchas en vagones en busca de pasajeros atrapados.<\/p>\n<p>&#8220;La evacuaci\u00f3n de pasajeros est\u00e1 en marcha en condiciones muy dif\u00edciles dada la gravedad de la colisi\u00f3n de los dos trenes&#8221;, inform\u00f3 el portavoz de la brigada de bomberos, Vassilis Varthakogiannis, en un discurso televisado.<\/p>\n<p>Los medios locales informaron que unas 350 personas viajaban en el tren de pasajeros que sali\u00f3 de Atenas<\/p>\n<p>El tren de carga hab\u00eda estado viajando de Tesal\u00f3nica a Larissa.<\/p>\n<p>En las primeras horas del mi\u00e9rcoles, las im\u00e1genes de la cadena estatal ERT mostraban a los equipos de rescate buscando sobrevivientes entre los restos del tren y los campos circundantes.<\/p>\n<p>El anticuado sistema ferroviario griego necesita modernizarse: muchos trenes circulan por v\u00edas \u00fanicas y en muchas zonas a\u00fan no instalaron sistemas de se\u00f1alizaci\u00f3n y control autom\u00e1tico.<\/p>\n<p>Grecia vendi\u00f3 el operador ferroviario TRAINOSE a la italiana Ferrovie dello Stato Italiane en 2017 como parte de su programa de rescate internacional, esperando que se invirtieran cientos de millones de euros en infraestructuras ferroviarias en los pr\u00f3ximos a\u00f1os.<\/p>\n","protected":false},"excerpt":{"rendered":"<p>Unas 350 personas viajaban en una de las formaciones que colisionaron cuando circulaban por la misma v\u00eda. Se investiga el motivo del accidente &nbsp; &nbsp; Dos trenes chocaron de frente en Grecia el martes por la noche y dejaron un saldo de 32 muertos y al menos 85 heridos, seg\u00fan anunci\u00f3 el cuerpo de bomberos, mientras que las circunstancias del accidente siguen sin estar claras. Un tren de pasajeros que viajaba de Atenas a la ciudad norte\u00f1a de Tesal\u00f3nica choc\u00f3 con un tren de carga en las afueras de la&#8230;<\/p>\n","protected":false},"author":3,"featured_media":98349,"comment_status":"closed","ping_status":"closed","sticky":false,"template":"","format":"standard","meta":[],"categories":[4],"tags":[],"_links":{"self":[{"href":"https:\/\/www.actualidadadiario.com\/index.php\/wp-json\/wp\/v2\/posts\/98348"}],"collection":[{"href":"https:\/\/www.actualidadadiario.com\/index.php\/wp-json\/wp\/v2\/posts"}],"about":[{"href":"https:\/\/www.actualidadadiario.com\/index.php\/wp-json\/wp\/v2\/types\/post"}],"author":[{"embeddable":true,"href":"https:\/\/www.actualidadadiario.com\/index.php\/wp-json\/wp\/v2\/users\/3"}],"replies":[{"embeddable":true,"href":"https:\/\/www.actualidadadiario.com\/index.php\/wp-json\/wp\/v2\/comments?post=98348"}],"version-history":[{"count":1,"href":"https:\/\/www.actualidadadiario.com\/index.php\/wp-json\/wp\/v2\/posts\/98348\/revisions"}],"predecessor-version":[{"id":98350,"href":"https:\/\/www.actualidadadiario.com\/index.php\/wp-json\/wp\/v2\/posts\/98348\/revisions\/98350"}],"wp:featuredmedia":[{"embeddable":true,"href":"https:\/\/www.actualidadadiario.com\/index.php\/wp-json\/wp\/v2\/media\/98349"}],"wp:attachment":[{"href":"https:\/\/www.actualidadadiario.com\/index.php\/wp-json\/wp\/v2\/media?parent=98348"}],"wp:term":[{"taxonomy":"category","embeddable":true,"href":"https:\/\/www.actualidadadiario.com\/index.php\/wp-json\/wp\/v2\/categories?post=98348"},{"taxonomy":"post_tag","embeddable":true,"href":"https:\/\/www.actualidadadiario.com\/index.php\/wp-json\/wp\/v2\/tags?post=98348"}],"curies":[{"name":"wp","href":"https:\/\/api.w.org\/{rel}","templated":true}]}}