{"id":98339,"date":"2023-03-01T13:16:42","date_gmt":"2023-03-01T16:16:42","guid":{"rendered":"https:\/\/www.actualidadadiario.com\/?p=98339"},"modified":"2023-03-01T13:16:42","modified_gmt":"2023-03-01T16:16:42","slug":"cataratas-del-iguazu-inauguraron-hoy-las-nuevas-pasarelas-de-la-garganta-del-diablo","status":"publish","type":"post","link":"https:\/\/www.actualidadadiario.com\/index.php\/2023\/03\/01\/cataratas-del-iguazu-inauguraron-hoy-las-nuevas-pasarelas-de-la-garganta-del-diablo\/","title":{"rendered":"Cataratas del Iguaz\u00fa: inauguraron hoy las nuevas pasarelas de la Garganta del Diablo"},"content":{"rendered":"<p style=\"text-align: center;\"><em><strong>Los turistas podr\u00e1n disfrutar de las Cataratas del Iguaz\u00fa, sin ning\u00fan tipo de impedimento en su visita. Las pasarelas hab\u00edan sido da\u00f1adas el a\u00f1o pasado<\/strong><\/em><\/p>\n<p>&nbsp;<\/p>\n<p>&nbsp;<\/p>\n<p>El Parque Nacional Iguaz\u00fa, el m\u00e1s visitado del pa\u00eds con m\u00e1s de un mill\u00f3n de ingresos en el \u00faltimo a\u00f1o, inaugur\u00f3 las nuevas pasarelas de la Garganta del Diablo. Las mismas fueron reconstruidas y ampliadas tras el da\u00f1o que provocaron las inundaciones de octubre de 2022.<\/p>\n<p>El ministro de Ambiente y Desarrollo Sostenible de la Naci\u00f3n, Juan Cabandi\u00e9, el gobernador de Misiones, Oscar Herrera Ahuad, y el presidente de la Administraci\u00f3n de Parques Nacionales (APN), Federico Granato, quienes destacaron las mejoras de infraestructura en el \u00e1rea protegida, estuvieron a cargo del acto de reapertura.<\/p>\n<p>En esta l\u00ednea, Cabandi\u00e9 celebr\u00f3 el trabajo junto a la provincia porque &#8220;de forma r\u00e1pida se pudo recuperar el sector de Garganta, que hab\u00eda sido arrasado en la \u00faltima crecida&#8221; del r\u00edo Iguaz\u00fa y destac\u00f3 &#8220;la recuperaci\u00f3n del Circuito Inferior, que permiti\u00f3 mejorar la infraestructura para los visitantes de esta \u00e1rea protegida&#8221;.<\/p>\n<p>&nbsp;<\/p>\n<p><strong>La Garganta del Diablo en las Cataratas del Iguaz\u00fa<\/strong><\/p>\n<p>El a\u00f1o pasado, la creciente del r\u00edo Iguaz\u00fa desbord\u00f3 la pasarela que llegaba hacia uno de los lugares m\u00e1s atractivos del Parque. En tanto, se repararon 275 metros cuadrados, m\u00e1s la ampliaci\u00f3n del balc\u00f3n de la Garganta del Diablo, con lo que se sumaron m\u00e1s de 310 metros cuadrados.<\/p>\n<p>En total y bajo una inversi\u00f3n de $460 millones, se complet\u00f3 un circuito de 585 metros cuadrados.<\/p>\n<p>&nbsp;<\/p>\n<p><strong>&#8220;M\u00e1s obras, mejores parques&#8221;<\/strong><\/p>\n<p>Respecto al programa, los funcionarios tambi\u00e9n inauguraron el muro de contenci\u00f3n en el circuito inferior y la colocaci\u00f3n de una malla de contenci\u00f3n tipo gavi\u00f3n, que va desde el mirador San Mart\u00edn a la rampa de acceso al salto Bosetti.<\/p>\n<p>Adem\u00e1s, anunciaron que se ampliar\u00e1n sanitarios y servicios de higiene, y se renovar\u00e1 el \u00e1rea de uso p\u00fablico en Puerto Macuco con la mejora de zonas de recepci\u00f3n, circulaci\u00f3n y atenci\u00f3n al visitante, as\u00ed como la instalaci\u00f3n de paneles solares y la puesta en valor de los sanitarios, con planta de tratamiento incluida, junto con la ampliaci\u00f3n de las escalinatas y de los sitios de espera, todo ello con un financiamiento de $420 millones.<\/p>\n<p>Los turistas podr\u00e1n disfrutar de las nuevas pasarelas a partir del d\u00eda de hoy.<\/p>\n","protected":false},"excerpt":{"rendered":"<p>Los turistas podr\u00e1n disfrutar de las Cataratas del Iguaz\u00fa, sin ning\u00fan tipo de impedimento en su visita. Las pasarelas hab\u00edan sido da\u00f1adas el a\u00f1o pasado &nbsp; &nbsp; El Parque Nacional Iguaz\u00fa, el m\u00e1s visitado del pa\u00eds con m\u00e1s de un mill\u00f3n de ingresos en el \u00faltimo a\u00f1o, inaugur\u00f3 las nuevas pasarelas de la Garganta del Diablo. Las mismas fueron reconstruidas y ampliadas tras el da\u00f1o que provocaron las inundaciones de octubre de 2022. El ministro de Ambiente y Desarrollo Sostenible de la Naci\u00f3n, Juan Cabandi\u00e9, el gobernador de Misiones, Oscar&#8230;<\/p>\n","protected":false},"author":3,"featured_media":98340,"comment_status":"closed","ping_status":"closed","sticky":false,"template":"","format":"standard","meta":[],"categories":[2],"tags":[],"_links":{"self":[{"href":"https:\/\/www.actualidadadiario.com\/index.php\/wp-json\/wp\/v2\/posts\/98339"}],"collection":[{"href":"https:\/\/www.actualidadadiario.com\/index.php\/wp-json\/wp\/v2\/posts"}],"about":[{"href":"https:\/\/www.actualidadadiario.com\/index.php\/wp-json\/wp\/v2\/types\/post"}],"author":[{"embeddable":true,"href":"https:\/\/www.actualidadadiario.com\/index.php\/wp-json\/wp\/v2\/users\/3"}],"replies":[{"embeddable":true,"href":"https:\/\/www.actualidadadiario.com\/index.php\/wp-json\/wp\/v2\/comments?post=98339"}],"version-history":[{"count":1,"href":"https:\/\/www.actualidadadiario.com\/index.php\/wp-json\/wp\/v2\/posts\/98339\/revisions"}],"predecessor-version":[{"id":98341,"href":"https:\/\/www.actualidadadiario.com\/index.php\/wp-json\/wp\/v2\/posts\/98339\/revisions\/98341"}],"wp:featuredmedia":[{"embeddable":true,"href":"https:\/\/www.actualidadadiario.com\/index.php\/wp-json\/wp\/v2\/media\/98340"}],"wp:attachment":[{"href":"https:\/\/www.actualidadadiario.com\/index.php\/wp-json\/wp\/v2\/media?parent=98339"}],"wp:term":[{"taxonomy":"category","embeddable":true,"href":"https:\/\/www.actualidadadiario.com\/index.php\/wp-json\/wp\/v2\/categories?post=98339"},{"taxonomy":"post_tag","embeddable":true,"href":"https:\/\/www.actualidadadiario.com\/index.php\/wp-json\/wp\/v2\/tags?post=98339"}],"curies":[{"name":"wp","href":"https:\/\/api.w.org\/{rel}","templated":true}]}}