{"id":98334,"date":"2023-03-01T13:15:09","date_gmt":"2023-03-01T16:15:09","guid":{"rendered":"https:\/\/www.actualidadadiario.com\/?p=98334"},"modified":"2023-03-01T13:15:09","modified_gmt":"2023-03-01T16:15:09","slug":"oficializaron-los-nuevos-montos-de-asignaciones-familiares-que-se-cobran-desde-marzo","status":"publish","type":"post","link":"https:\/\/www.actualidadadiario.com\/index.php\/2023\/03\/01\/oficializaron-los-nuevos-montos-de-asignaciones-familiares-que-se-cobran-desde-marzo\/","title":{"rendered":"Oficializaron los nuevos montos de asignaciones familiares que se cobran desde marzo"},"content":{"rendered":"<p style=\"text-align: center;\"><em><strong>Se dispuso que se eleve el l\u00edmite de ingresos m\u00e1ximo aplicable a los titulares de asignaciones para igualarlo con el m\u00ednimo no imponible de Ganancias<\/strong><\/em><\/p>\n<p>&nbsp;<\/p>\n<p>&nbsp;<\/p>\n<p>El Gobierno oficializ\u00f3 su decisi\u00f3n de igualar el tope de ingresos para percibir las Asignaciones Familiares con el piso del Impuesto a las Ganancias, con lo cual m\u00e1s de 900 mil ni\u00f1os y adolescentes ser\u00e1n alcanzados por la medida.<\/p>\n<p>El beneficio ya hab\u00eda sido anunciado por el ministro de Econom\u00eda, Sergio Massa, y la titular de la ANSeS, Fernanda Raverta, el 16 de febrero; ahora, a trav\u00e9s del Decreto de<\/p>\n<p>Necesidad y Urgencia (DNU) 101\/2023, publicado este mi\u00e9rcoles en el Bolet\u00edn Oficial, se formaliz\u00f3.<\/p>\n<p>As\u00ed el Poder Ejecutivo estableci\u00f3 que el beneficio ser\u00e1 de aplicaci\u00f3n para las asignaciones familiares cuya puesta al pago se realice a partir de este mes. Adem\u00e1s, dispuso que se eleve el l\u00edmite de ingresos m\u00e1ximo aplicable a las personas titulares de asignaciones de $158.366 a $ 404.000, que es el m\u00ednimo no imponible de Ganancias.<\/p>\n<p>Seg\u00fan lo dispuesto, esta decisi\u00f3n es de car\u00e1cter permanente, por lo cual a medida que se actualice el m\u00ednimo no imponible, lo mismo suceder\u00e1 con el tope de las Asignaciones Familiares.<\/p>\n<p>El decreto aclar\u00f3 que quienes est\u00e9n alcanzados por Ganancias &#8220;tienen derecho a deducir sus cargas de familia de sus ganancias netas, siempre que sean residentes en el pa\u00eds, est\u00e9n a cargo del contribuyente y no tengan en el a\u00f1o ingresos netos superiores al l\u00edmite all\u00ed establecido por la legislaci\u00f3n impositiva&#8221;.<\/p>\n<p>Por otra parte, la Secretar\u00eda de Seguridad Social del Ministerio de Trabajo fue autorizada a dictar las normas aclaratorias y complementarias necesarias para la implementaci\u00f3n de la medida.<\/p>\n<p>El Gobierno justific\u00f3 el DNU al se\u00f1alar que &#8220;existen cientos de miles de trabajadores y trabajadoras con hijos e hijas a cargo cuyos ingresos se encuentran entre el tope m\u00e1ximo individual de ingresos, actualmente de $158.366, y el monto a partir del cual deben tributar Ganancias&#8221;.<\/p>\n<p>&#8220;La situaci\u00f3n afecta a los ingresos de los hogares de los trabajadores y de las trabajadoras, y adem\u00e1s, altera las condiciones de acceso al derecho a la seguridad social de ni\u00f1os, ni\u00f1as y adolescentes&#8221;, a\u00f1adi\u00f3.<\/p>\n<p>En consecuencia, subray\u00f3 que esta medida &#8220;resulta de car\u00e1cter urgente, toda vez que esa situaci\u00f3n genera que una gran cantidad de familias no vean el impacto en sus ingresos del acompa\u00f1amiento que el Estado garantiza a las infancias y adolescencias de nuestro pa\u00eds, ya sea por la cobertura del R\u00e9gimen de Asignaciones Familiares o de los mecanismos de deducci\u00f3n&#8221;.<\/p>\n","protected":false},"excerpt":{"rendered":"<p>Se dispuso que se eleve el l\u00edmite de ingresos m\u00e1ximo aplicable a los titulares de asignaciones para igualarlo con el m\u00ednimo no imponible de Ganancias &nbsp; &nbsp; El Gobierno oficializ\u00f3 su decisi\u00f3n de igualar el tope de ingresos para percibir las Asignaciones Familiares con el piso del Impuesto a las Ganancias, con lo cual m\u00e1s de 900 mil ni\u00f1os y adolescentes ser\u00e1n alcanzados por la medida. El beneficio ya hab\u00eda sido anunciado por el ministro de Econom\u00eda, Sergio Massa, y la titular de la ANSeS, Fernanda Raverta, el 16 de&#8230;<\/p>\n","protected":false},"author":3,"featured_media":98335,"comment_status":"closed","ping_status":"closed","sticky":false,"template":"","format":"standard","meta":[],"categories":[2],"tags":[],"_links":{"self":[{"href":"https:\/\/www.actualidadadiario.com\/index.php\/wp-json\/wp\/v2\/posts\/98334"}],"collection":[{"href":"https:\/\/www.actualidadadiario.com\/index.php\/wp-json\/wp\/v2\/posts"}],"about":[{"href":"https:\/\/www.actualidadadiario.com\/index.php\/wp-json\/wp\/v2\/types\/post"}],"author":[{"embeddable":true,"href":"https:\/\/www.actualidadadiario.com\/index.php\/wp-json\/wp\/v2\/users\/3"}],"replies":[{"embeddable":true,"href":"https:\/\/www.actualidadadiario.com\/index.php\/wp-json\/wp\/v2\/comments?post=98334"}],"version-history":[{"count":1,"href":"https:\/\/www.actualidadadiario.com\/index.php\/wp-json\/wp\/v2\/posts\/98334\/revisions"}],"predecessor-version":[{"id":98336,"href":"https:\/\/www.actualidadadiario.com\/index.php\/wp-json\/wp\/v2\/posts\/98334\/revisions\/98336"}],"wp:featuredmedia":[{"embeddable":true,"href":"https:\/\/www.actualidadadiario.com\/index.php\/wp-json\/wp\/v2\/media\/98335"}],"wp:attachment":[{"href":"https:\/\/www.actualidadadiario.com\/index.php\/wp-json\/wp\/v2\/media?parent=98334"}],"wp:term":[{"taxonomy":"category","embeddable":true,"href":"https:\/\/www.actualidadadiario.com\/index.php\/wp-json\/wp\/v2\/categories?post=98334"},{"taxonomy":"post_tag","embeddable":true,"href":"https:\/\/www.actualidadadiario.com\/index.php\/wp-json\/wp\/v2\/tags?post=98334"}],"curies":[{"name":"wp","href":"https:\/\/api.w.org\/{rel}","templated":true}]}}