{"id":98332,"date":"2023-03-01T13:14:19","date_gmt":"2023-03-01T16:14:19","guid":{"rendered":"https:\/\/www.actualidadadiario.com\/?p=98332"},"modified":"2023-03-01T13:14:19","modified_gmt":"2023-03-01T16:14:19","slug":"comenzaron-las-clases-en-doce-provincias-del-pais","status":"publish","type":"post","link":"https:\/\/www.actualidadadiario.com\/index.php\/2023\/03\/01\/comenzaron-las-clases-en-doce-provincias-del-pais\/","title":{"rendered":"Comenzaron las clases en doce provincias del pa\u00eds"},"content":{"rendered":"<p style=\"text-align: center;\"><em><strong>Las clases se iniciaron este mi\u00e9rcoles en Buenos Aires, Catamarca, Chaco, Jujuy, La Pampa, Misiones, San Juan, Santiago del Estero, Tierra del Fuego y Tucum\u00e1n, mientras que en La Rioja arrancan el jueves<\/strong><\/em><\/p>\n<p>&nbsp;<\/p>\n<p>&nbsp;<\/p>\n<p>La provincia de Buenos Aires, con cinco millones de alumnas y alumnos, y otras once jurisdicciones arrancan este mi\u00e9rcoles las clases, con lo que quedar\u00e1 casi completo el cronograma de inicio del ciclo lectivo 2023, con la excepci\u00f3n de La Rioja que iniciar\u00e1 este jueves.<\/p>\n<p>Seg\u00fan el Calendario Escolar oficial, las clases comienzan este mi\u00e9rcoles en las provincias de Buenos Aires, Catamarca, Chaco, Jujuy, La Pampa, Misiones, San Juan, Santiago del Estero, Tierra del Fuego y Tucum\u00e1n, mientras que en Corrientes arrancaron este martes.<\/p>\n<p>&nbsp;<\/p>\n<p><strong>Provincia de Buenos Aires<\/strong><\/p>\n<p>En Buenos Aires el ciclo lectivo se extender\u00e1 del 1 de marzo al 26 de diciembre y el receso de invierno ser\u00e1 entre el 17 y el 28 de julio, tal como lo estableci\u00f3 el Calendario Escolar 2023 aprobado por el Consejo General de Educaci\u00f3n, presidido por el director general de Cultura y Educaci\u00f3n, Alberto Sileoni.<\/p>\n<p>De esta manera, se propuso un ciclo lectivo de 190 d\u00edas de clases para las 21.000 escuelas que existen en los 135 municipios del territorio, y al que dar\u00e1 inicio un acto encabezado por el gobernador Axel Kicillof este mi\u00e9rcoles desde las 8 en el Jard\u00edn N\u00b0 992 de La Plata, indicaron fuentes oficiales.<\/p>\n<p>Las clases empiezan tras el acuerdo alcanzado este lunes en paritarias entre el gobierno y los representantes del Frente de Unidad Docente bonaerense.<\/p>\n<p>En tanto, el a\u00f1o educativo en los jardines maternales ser\u00e1 del 1 de febrero al 29 de diciembre y el nivel superior ser\u00e1 entre el 13 de marzo y el 24 de noviembre.<\/p>\n<p>En total, el sistema educativo bonaerense cuenta con 5.200.000 estudiantes en todos los niveles educativos de establecimientos de gesti\u00f3n estatal y privada.<\/p>\n<p>&nbsp;<\/p>\n<p><strong>Tucum\u00e1n<\/strong><\/p>\n<p>En Tucum\u00e1n, las clases se extender\u00e1n entre el 1 de marzo y el 18 de diciembre, con receso de invierno entre el 10 y 21 de julio.<\/p>\n<p>El ministro de Educaci\u00f3n de la provincia, Juan Pablo Lichtmajer, se\u00f1al\u00f3 que \u00abtodo el esfuerzo est\u00e1 puesto\u00bb en el inicio de clases, que es \u00abla tarea m\u00e1s importante que tenemos\u00bb.<\/p>\n<p>&nbsp;<\/p>\n<p><strong>Santa Fe y Neuqu\u00e9n<\/strong><\/p>\n<p>Seg\u00fan el cronograma establecido, el inicio del ciclo lectivo est\u00e1 previsto para el 1 de marzo y su finalizaci\u00f3n el 22 de diciembre en las provincias de Santa Fe y Neuqu\u00e9n.<\/p>\n<p>Sin embargo, la Asociaci\u00f3n de Magisterio de Santa Fe (Amsafe) y Sadop, que representa a las escuelas privadas, declararon el \u00abno inicio de clases\u00bb para el 1 y 2 de marzo en rechazo a la propuesta paritaria.<\/p>\n<p>En el caso de Neuqu\u00e9n, que cuenta con 241.000 estudiantes, la Asociaci\u00f3n de Trabajadores de la Educaci\u00f3n de Neuqu\u00e9n (ATEN) convoc\u00f3 a un paro para ma\u00f1ana por el comienzo del juicio en la causa Fuentealba II contra 8 polic\u00edas imputados por su intervenci\u00f3n el d\u00eda que asesinaron al maestro Carlos Fuentealba en la provincia.<\/p>\n<p>&nbsp;<\/p>\n<p><strong>Jujuy y Santiago del Estero<\/strong><\/p>\n<p>En Jujuy, donde est\u00e1 previsto que las clases inicien tambi\u00e9n este mi\u00e9rcoles, los docentes rechazaron la propuesta del gobierno y anunciaron paro de 24 horas para este mi\u00e9rcoles.<\/p>\n<p>En tanto, las clases escolares comenzar\u00e1n el 1 de marzo y se extender\u00e1n hasta el 15 de diciembre en Santiago del Estero, donde hay 43.000 alumnos en el nivel inicial, 140.000 en el primario y 77.500 en el secundario.<\/p>\n<p>Las autoridades locales se\u00f1alaron que contin\u00faa con plena vigencia la extensi\u00f3n horaria en establecimientos educativos del nivel primario que consiste en una jornada escolar de 5 horas 15 minutos.<\/p>\n<p>&nbsp;<\/p>\n<p><strong>Tierra del Fuego<\/strong><\/p>\n<p>Unos 50.000 estudiantes de los niveles inicial, primario, secundario, especial y adultos comenzar\u00e1n este mi\u00e9rcoles las clases en Tierra del Fuego, donde se desempe\u00f1an unos 8.200 docentes en 148 establecimientos educativos, seg\u00fan datos oficiales del Ministerio de Educaci\u00f3n provincial.<\/p>\n<p>En tanto, la escuela N\u00ba 38 Presidente Ra\u00fal Alfons\u00edn, que funciona en la Base Esperanza de la Ant\u00e1rtida Argentina y que depende de Tierra del Fuego, reci\u00e9n iniciar\u00e1 sus actividades dentro de dos semanas, debido a que a\u00fan no fueron trasladadas las familias que invernar\u00e1n en el Continente Blanco.<\/p>\n<p>En la provincia rige desde 2022 la Ley 1.390, conocida como Ley Thiago, que obliga el uso de un logo de las Islas Malvinas en los guardapolvos, inspirada en una iniciativa de Thiago Huenchill\u00e1n, un ni\u00f1o de 9 a\u00f1os de Comodoro Rivadavia, Chubut, que mantuvo una discusi\u00f3n con su maestra al defender la soberan\u00eda del archipi\u00e9lago.<\/p>\n<p>El per\u00edodo lectivo concluir\u00e1 en Jujuy el 14 de diciembre; en Catamarca el 15; en La Pampa el 19; en Tierra del Fuego el 20, y en Chaco, Misiones y San Juan el 22.<\/p>\n<p>En tanto, las clases iniciaron este lunes en la Ciudad de Buenos Aires y las provincias de Chubut, C\u00f3rdoba, Entre R\u00edos, Formosa, Mendoza, R\u00edo Negro, San Luis, Salta y Santa Cruz.<\/p>\n<p>&nbsp;<\/p>\n<p><strong>Situaci\u00f3n en R\u00edo Negro y C\u00f3rdoba<\/strong><\/p>\n<p>Sin embargo, las clases no comenzaron en R\u00edo Negro y C\u00f3rdoba, por paro en reclamo de mejoras salariales, y en Chubut y Santa Cruz los alumnos y alumnas volvieron a las aulas en medio de medidas de fuerza, donde se dictaron clases parcialmente.<\/p>\n<p>En C\u00f3rdoba, la adhesi\u00f3n a la medida de fuerza fue del 55% en el turno de la ma\u00f1ana y el 54,5% en el turno tarde, seg\u00fan los datos oficiales de la cartera de Educaci\u00f3n.<\/p>\n<p>Sin embargo, en la jornada de este martes la actividad \u00e1ulica se desarroll\u00f3 con normalidad en los distintos niveles educativos y en todas las escuelas de la provincia, tras la inauguraci\u00f3n oficial del ciclo lectivo por el gobernador Juan Schiaretti y el ministro de Educaci\u00f3n, Walter Grahovac, en Instituto Provincial de Educaci\u00f3n Media (IPEM 423) de la localidad de Quebracho Herrado, en el departamento San Justo.<\/p>\n<p>&nbsp;<\/p>\n<p><strong>La Rioja<\/strong><\/p>\n<p>Seg\u00fan el Cronograma Escolar 2023, s\u00f3lo restar\u00e1 iniciar las clases en La Rioja, que comienzan el jueves 2 luego de que el gobierno provincial logre un acuerdo con los gremios docentes.<\/p>\n<p>La decisi\u00f3n de llevar adelante un calendario con 190 d\u00edas clases fue tomada en octubre de 2021 en la 112\u00b0 asamblea del Consejo Federal de Educaci\u00f3n (CFE), presidida por el ministro Jaime Perczyk, con el objetivo de \u00abpriorizar los aprendizajes afectados por la pandemia de Covid-19 y la recuperaci\u00f3n de los tiempos escolares\u00bb.<\/p>\n<p>Asimismo, el CFE estableci\u00f3 que las escuelas de todo el pa\u00eds promover\u00e1n contenido pedag\u00f3gico para conmemorar durante todo el ciclo lectivo 2023 los 40 a\u00f1os de democracia en la Argentina, especialmente en fechas claves como el 24 de marzo, 2 de abril, 25 de Mayo, 30 de octubre y 10 de diciembre, entre otras.<\/p>\n","protected":false},"excerpt":{"rendered":"<p>Las clases se iniciaron este mi\u00e9rcoles en Buenos Aires, Catamarca, Chaco, Jujuy, La Pampa, Misiones, San Juan, Santiago del Estero, Tierra del Fuego y Tucum\u00e1n, mientras que en La Rioja arrancan el jueves &nbsp; &nbsp; La provincia de Buenos Aires, con cinco millones de alumnas y alumnos, y otras once jurisdicciones arrancan este mi\u00e9rcoles las clases, con lo que quedar\u00e1 casi completo el cronograma de inicio del ciclo lectivo 2023, con la excepci\u00f3n de La Rioja que iniciar\u00e1 este jueves. Seg\u00fan el Calendario Escolar oficial, las clases comienzan este mi\u00e9rcoles&#8230;<\/p>\n","protected":false},"author":3,"featured_media":88546,"comment_status":"closed","ping_status":"closed","sticky":false,"template":"","format":"standard","meta":[],"categories":[2],"tags":[],"_links":{"self":[{"href":"https:\/\/www.actualidadadiario.com\/index.php\/wp-json\/wp\/v2\/posts\/98332"}],"collection":[{"href":"https:\/\/www.actualidadadiario.com\/index.php\/wp-json\/wp\/v2\/posts"}],"about":[{"href":"https:\/\/www.actualidadadiario.com\/index.php\/wp-json\/wp\/v2\/types\/post"}],"author":[{"embeddable":true,"href":"https:\/\/www.actualidadadiario.com\/index.php\/wp-json\/wp\/v2\/users\/3"}],"replies":[{"embeddable":true,"href":"https:\/\/www.actualidadadiario.com\/index.php\/wp-json\/wp\/v2\/comments?post=98332"}],"version-history":[{"count":1,"href":"https:\/\/www.actualidadadiario.com\/index.php\/wp-json\/wp\/v2\/posts\/98332\/revisions"}],"predecessor-version":[{"id":98333,"href":"https:\/\/www.actualidadadiario.com\/index.php\/wp-json\/wp\/v2\/posts\/98332\/revisions\/98333"}],"wp:featuredmedia":[{"embeddable":true,"href":"https:\/\/www.actualidadadiario.com\/index.php\/wp-json\/wp\/v2\/media\/88546"}],"wp:attachment":[{"href":"https:\/\/www.actualidadadiario.com\/index.php\/wp-json\/wp\/v2\/media?parent=98332"}],"wp:term":[{"taxonomy":"category","embeddable":true,"href":"https:\/\/www.actualidadadiario.com\/index.php\/wp-json\/wp\/v2\/categories?post=98332"},{"taxonomy":"post_tag","embeddable":true,"href":"https:\/\/www.actualidadadiario.com\/index.php\/wp-json\/wp\/v2\/tags?post=98332"}],"curies":[{"name":"wp","href":"https:\/\/api.w.org\/{rel}","templated":true}]}}