{"id":98329,"date":"2023-03-01T13:13:20","date_gmt":"2023-03-01T16:13:20","guid":{"rendered":"https:\/\/www.actualidadadiario.com\/?p=98329"},"modified":"2023-03-01T13:13:20","modified_gmt":"2023-03-01T16:13:20","slug":"moratoria-previsional-quienes-se-podran-jubilar-segun-la-nueva-ley","status":"publish","type":"post","link":"https:\/\/www.actualidadadiario.com\/index.php\/2023\/03\/01\/moratoria-previsional-quienes-se-podran-jubilar-segun-la-nueva-ley\/","title":{"rendered":"Moratoria previsional: qui\u00e9nes se podr\u00e1n jubilar seg\u00fan la nueva ley"},"content":{"rendered":"<p style=\"text-align: center;\"><em><strong>La C\u00e1mara de Diputados aprob\u00f3 este martes el proyecto de ley sobre la moratoria previsional. De esta forma, miles de personas podr\u00e1n acceder a una jubilaci\u00f3n aunque no cuenten con los a\u00f1os de aportes correspondientes<\/strong><\/em><\/p>\n<p>&nbsp;<\/p>\n<p>&nbsp;<\/p>\n<p>&nbsp;<\/p>\n<p>En el \u00faltimo d\u00eda de sesiones extraordinarias, la C\u00e1mara de Diputados aprob\u00f3 el proyecto de moratoria previsional que brindar\u00e1 la posibilidad para que unas 800 mil personas puedan acceder a una jubilaci\u00f3n. Dicho grupo de personas se encuentra en edad para recibir dicho beneficio econ\u00f3mico, pero no cuenta con los a\u00f1os de aportes correspondientes.<\/p>\n<p>La iniciativa, presentada por la senadora Anabel Fern\u00e1ndez Sagasti y que obtuvo media sanci\u00f3n el 30 de junio del 2022, fue aprobada con 134 votos positivos, 107 negativos, 0 abstenciones y qued\u00f3 a disposici\u00f3n del Poder Ejecutivo para su adecuada reglamentaci\u00f3n.<\/p>\n<p>Por su parte, Fernanda Raverta, titular de la Administraci\u00f3n Nacional de Seguridad Social (Anses), celebr\u00f3 la aprobaci\u00f3n del proyecto de ley \u2014que previamente hab\u00eda reclamado\u2014 y asegur\u00f3 que &#8220;vamos a estar recibiendo con orgullo a las miles de personas que durante estos meses vinieron a las oficinas de ANSES de todo el pa\u00eds para poder jubilarse y no lo pod\u00edan hacer&#8221;.<\/p>\n<p>&nbsp;<\/p>\n<p><strong>Qu\u00e9 es la moratoria previsional<\/strong><\/p>\n<p>El proyecto de la moratoria previsional consta de dos partes. La primera de ellas plantea un pago similar a aquellos que se implementaron entre 2004 y 2014, con el fin de que los hombres de 65 a\u00f1os y las mujeres de 60 a\u00f1os -que no cuenten con los aportes- puedan regularizar dichos per\u00edodos en 120 cuotas, cuyos montos ser\u00e1n descontados de forma directa de los haberes jubilatorios que perciba el beneficiario.<\/p>\n<p>En segundo lugar, personas en situaci\u00f3n laboral (mujeres de 50 a 59 a\u00f1os y hombres de 55 a 64 a\u00f1os) que no lleguen a los 30 a\u00f1os de aporte jubilatorios, pero con una edad pr\u00f3xima a la jubilaci\u00f3n, podr\u00e1n anticiparse a dicha fecha y tendr\u00e1n la posibilidad de comenzar a abonar los per\u00edodos faltantes hasta el 31 de marzo de 2012.<\/p>\n<p>En este \u00faltimo caso, los trabajadores podr\u00e1n abonar unidades de cancelaci\u00f3n de aportes. Esta medida es equivalente a un mes de servicios y con el agregado de un valor fijo del 29% de la base m\u00ednima imponible de remuneraci\u00f3n.<\/p>\n<p>&nbsp;<\/p>\n<p><strong>Qui\u00e9nes son los beneficiados por la moratoria previsional<\/strong><\/p>\n<p>Seg\u00fan estiman desde Anses, cerca de 800 mil adultos mayores podr\u00e1n jubilarse y as\u00ed evitar recurrir a la Pensi\u00f3n Universal para el Adulto Mayor, cuyo monto equivale al 80% de una jubilaci\u00f3n m\u00ednima.<\/p>\n<p>&nbsp;<\/p>\n<p><strong>A nivel provincial, los beneficiados por este proyecto ser\u00e1n:<\/strong><\/p>\n<ul>\n<li>268.000 en Buenos Aires<\/li>\n<li>91.000 en CABA<\/li>\n<li>54.000 en C\u00f3rdoba<\/li>\n<li>48.000 en Santa Fe<\/li>\n<li>29.000 en Mendoza<\/li>\n<li>23.000 en Tucum\u00e1n<\/li>\n<li>22.000 en Misiones<\/li>\n<li>22.000 en Chaco<\/li>\n<li>21.000 en Salta<\/li>\n<li>21.000 en Corrientes<\/li>\n<li>17.000 en Entre R\u00edos<\/li>\n<li>17.000 en Formosa<\/li>\n<li>15.000 en Santiago del Estero<\/li>\n<li>10.000 en Jujuy<\/li>\n<li>10.000 en San Juan<\/li>\n<li>10.000 en Chubut<\/li>\n<li>10.000 en Neuqu\u00e9n<\/li>\n<li>10.000 en R\u00edo Negro<\/li>\n<li>9.000 en Santa Cruz<\/li>\n<li>8.000 en San Luis<\/li>\n<li>4.000 en La Pampa<\/li>\n<li>4.000 en La Rioja<\/li>\n<li>4.000 en Catamarca<\/li>\n<li>2.000 en Tierra del Fuego<\/li>\n<\/ul>\n","protected":false},"excerpt":{"rendered":"<p>La C\u00e1mara de Diputados aprob\u00f3 este martes el proyecto de ley sobre la moratoria previsional. De esta forma, miles de personas podr\u00e1n acceder a una jubilaci\u00f3n aunque no cuenten con los a\u00f1os de aportes correspondientes &nbsp; &nbsp; &nbsp; En el \u00faltimo d\u00eda de sesiones extraordinarias, la C\u00e1mara de Diputados aprob\u00f3 el proyecto de moratoria previsional que brindar\u00e1 la posibilidad para que unas 800 mil personas puedan acceder a una jubilaci\u00f3n. Dicho grupo de personas se encuentra en edad para recibir dicho beneficio econ\u00f3mico, pero no cuenta con los a\u00f1os de&#8230;<\/p>\n","protected":false},"author":3,"featured_media":98330,"comment_status":"closed","ping_status":"closed","sticky":false,"template":"","format":"standard","meta":[],"categories":[9],"tags":[],"_links":{"self":[{"href":"https:\/\/www.actualidadadiario.com\/index.php\/wp-json\/wp\/v2\/posts\/98329"}],"collection":[{"href":"https:\/\/www.actualidadadiario.com\/index.php\/wp-json\/wp\/v2\/posts"}],"about":[{"href":"https:\/\/www.actualidadadiario.com\/index.php\/wp-json\/wp\/v2\/types\/post"}],"author":[{"embeddable":true,"href":"https:\/\/www.actualidadadiario.com\/index.php\/wp-json\/wp\/v2\/users\/3"}],"replies":[{"embeddable":true,"href":"https:\/\/www.actualidadadiario.com\/index.php\/wp-json\/wp\/v2\/comments?post=98329"}],"version-history":[{"count":1,"href":"https:\/\/www.actualidadadiario.com\/index.php\/wp-json\/wp\/v2\/posts\/98329\/revisions"}],"predecessor-version":[{"id":98331,"href":"https:\/\/www.actualidadadiario.com\/index.php\/wp-json\/wp\/v2\/posts\/98329\/revisions\/98331"}],"wp:featuredmedia":[{"embeddable":true,"href":"https:\/\/www.actualidadadiario.com\/index.php\/wp-json\/wp\/v2\/media\/98330"}],"wp:attachment":[{"href":"https:\/\/www.actualidadadiario.com\/index.php\/wp-json\/wp\/v2\/media?parent=98329"}],"wp:term":[{"taxonomy":"category","embeddable":true,"href":"https:\/\/www.actualidadadiario.com\/index.php\/wp-json\/wp\/v2\/categories?post=98329"},{"taxonomy":"post_tag","embeddable":true,"href":"https:\/\/www.actualidadadiario.com\/index.php\/wp-json\/wp\/v2\/tags?post=98329"}],"curies":[{"name":"wp","href":"https:\/\/api.w.org\/{rel}","templated":true}]}}