{"id":98313,"date":"2023-02-28T15:27:49","date_gmt":"2023-02-28T18:27:49","guid":{"rendered":"https:\/\/www.actualidadadiario.com\/?p=98313"},"modified":"2023-02-28T15:27:49","modified_gmt":"2023-02-28T18:27:49","slug":"eeuu-lanzo-medidas-para-combatir-el-trabajo-infantil-luego-de-fuerte-suba-del-69-en-cuatro-anos","status":"publish","type":"post","link":"https:\/\/www.actualidadadiario.com\/index.php\/2023\/02\/28\/eeuu-lanzo-medidas-para-combatir-el-trabajo-infantil-luego-de-fuerte-suba-del-69-en-cuatro-anos\/","title":{"rendered":"EEUU lanz\u00f3 medidas para combatir el trabajo infantil luego de fuerte suba del 69% en cuatro a\u00f1os"},"content":{"rendered":"<p style=\"text-align: center;\"><em><strong>La administraci\u00f3n estadounidense anunci\u00f3 un incremento alarmante en las cifras por lo que ordenaron subir las multas y sumar m\u00e1s inspecciones a los lugares de trabajo. Los menores latinoamericanos son los m\u00e1s afectados. EEUU lanz\u00f3 medidas para combatir el alarmante crecimiento del 69% en el trabajo infantil<\/strong><\/em><\/p>\n<p>&nbsp;<\/p>\n<p>&nbsp;<\/p>\n<p>Estados Unidos anunci\u00f3 este lunes medidas para combatir el trabajo infantil, una problem\u00e1tica que desde 2018 ha aumentado un 69% y afecta de manera particular a los menores migrantes latinoamericanos que llegan solos al pa\u00eds.<\/p>\n<p>&#8220;No se trata de un problema del siglo XIX, sino que es un problema actual&#8221;, advirti\u00f3 el secretario de Trabajo, Marty Walsh, en un comunicado.<\/p>\n<p>Walsh anunci\u00f3 nuevas medidas como la creaci\u00f3n de un grupo de trabajo interinstitucional, m\u00e1s inspecciones en los lugares de trabajo, o el aumento de las multas a las empresas que empleen ilegalmente a menores en cadenas de producci\u00f3n y trabajos peligrosos.<\/p>\n<p>En el \u00faltimo a\u00f1o fiscal se investigaron 835 empresas, que empleaban ilegalmente a 3.800 menores.<\/p>\n<p>Es una &#8220;tendencia alarmante&#8221;, dijo este lunes a los medios una funcionaria de la administraci\u00f3n del presidente Joe Biden.<\/p>\n<p>Las multas m\u00e1ximas de u$s15.138 d\u00f3lares por cada menor en un trabajo ilegal &#8220;no son suficientemente altas para disuadir a las grandes empresas&#8221;, reconoci\u00f3 Walsh, cuya cartera trabaja con el Congreso para aumentarlas.<\/p>\n<p>El pasado 17 de febrero se anunci\u00f3 la resoluci\u00f3n de uno de los mayores casos de trabajo infantil en la historia reciente del pa\u00eds contra la empresa Packers Sanitation Services.<\/p>\n<p>Esa compa\u00f1\u00eda emple\u00f3 -en ocho estados- a m\u00e1s de 100 menores en la cadena de procesamiento de carne donde estaban expuestos a qu\u00edmicos t\u00f3xicos usados para la limpieza de los equipos, por lo que fue condenada a pagar una multa de 1,5 millones de d\u00f3lares.<\/p>\n<p>En el pa\u00eds hay 600 investigaciones en curso por trabajo ilegal de menores de edad.<\/p>\n<p>La legislaci\u00f3n estadounidense permite el trabajo a partir de los 14 a\u00f1os, pero con limitaci\u00f3n de horas para los menores de 16 y en trabajos no peligrosos para la salud.<\/p>\n<p>&nbsp;<\/p>\n<p><strong>Los menores latinoamericanos son los m\u00e1s afectados<\/strong><\/p>\n<p>El problema se ha agravado con la llegada al pa\u00eds de menores latinoamericanos no acompa\u00f1ados que huyen de la pobreza y la violencia, la mayor\u00eda no tienen ning\u00fan familiar en Estados Unidos, seg\u00fan el departamento de Trabajo.<\/p>\n<p>Otros recalan en casas de familiares, a menudo en dificultades econ\u00f3micas, o patrocinadores que se hacen cargo de ellos, oblig\u00e1ndolos a trabajar para aportar a la econom\u00eda familiar.<\/p>\n<p>En cadenas de producci\u00f3n extenuantes, hoteles, vaquer\u00edas o en la agricultura, The New York Times denunci\u00f3 este fin de semana las condiciones laborales de muchos menores inmigrantes, mayoritariamente centroamericanos.<\/p>\n<p>En el \u00faltimo a\u00f1o llegaron 130.000 menores no acompa\u00f1ados al pa\u00eds, el triple que hace tres a\u00f1os, asegura el diario.<\/p>\n<p>Pese a que el gobierno federal sabe de su existencia, y que las instituciones deben apoyarlos y protegerlos del tr\u00e1fico y la explotaci\u00f3n, estas han perdido el rastro de m\u00e1s de 86.000 menores, seg\u00fan el medio.<\/p>\n<p>&#8220;Cada ni\u00f1o en este pa\u00eds, independientemente de su circunstancia, merece protecci\u00f3n y cuidado como esperar\u00edamos para nuestro propio hijo&#8221;, dijo el secretario de Salud, Xavier Becerra, en el comunicado.<\/p>\n<p>El departamento de Trabajo se queja de que con &#8220;demasiada frecuencia, las empresas miran hacia otro lado y afirman que su agencia de colocaci\u00f3n, o los subcontratistas o proveedores, son los responsables. Aqu\u00ed todos tenemos una responsabilidad&#8221;, zanj\u00f3.<\/p>\n<p>La administraci\u00f3n de Joe Biden trabaja con el Congreso para dotar con m\u00e1s fondos -y personal- a los programas de inspecci\u00f3n en las empresas as\u00ed como de acompa\u00f1amiento para los menores solos y a sus patrocinadores o familias de acogida.<\/p>\n","protected":false},"excerpt":{"rendered":"<p>La administraci\u00f3n estadounidense anunci\u00f3 un incremento alarmante en las cifras por lo que ordenaron subir las multas y sumar m\u00e1s inspecciones a los lugares de trabajo. Los menores latinoamericanos son los m\u00e1s afectados. EEUU lanz\u00f3 medidas para combatir el alarmante crecimiento del 69% en el trabajo infantil &nbsp; &nbsp; Estados Unidos anunci\u00f3 este lunes medidas para combatir el trabajo infantil, una problem\u00e1tica que desde 2018 ha aumentado un 69% y afecta de manera particular a los menores migrantes latinoamericanos que llegan solos al pa\u00eds. &#8220;No se trata de un problema&#8230;<\/p>\n","protected":false},"author":3,"featured_media":98314,"comment_status":"closed","ping_status":"closed","sticky":false,"template":"","format":"standard","meta":[],"categories":[4],"tags":[],"_links":{"self":[{"href":"https:\/\/www.actualidadadiario.com\/index.php\/wp-json\/wp\/v2\/posts\/98313"}],"collection":[{"href":"https:\/\/www.actualidadadiario.com\/index.php\/wp-json\/wp\/v2\/posts"}],"about":[{"href":"https:\/\/www.actualidadadiario.com\/index.php\/wp-json\/wp\/v2\/types\/post"}],"author":[{"embeddable":true,"href":"https:\/\/www.actualidadadiario.com\/index.php\/wp-json\/wp\/v2\/users\/3"}],"replies":[{"embeddable":true,"href":"https:\/\/www.actualidadadiario.com\/index.php\/wp-json\/wp\/v2\/comments?post=98313"}],"version-history":[{"count":1,"href":"https:\/\/www.actualidadadiario.com\/index.php\/wp-json\/wp\/v2\/posts\/98313\/revisions"}],"predecessor-version":[{"id":98315,"href":"https:\/\/www.actualidadadiario.com\/index.php\/wp-json\/wp\/v2\/posts\/98313\/revisions\/98315"}],"wp:featuredmedia":[{"embeddable":true,"href":"https:\/\/www.actualidadadiario.com\/index.php\/wp-json\/wp\/v2\/media\/98314"}],"wp:attachment":[{"href":"https:\/\/www.actualidadadiario.com\/index.php\/wp-json\/wp\/v2\/media?parent=98313"}],"wp:term":[{"taxonomy":"category","embeddable":true,"href":"https:\/\/www.actualidadadiario.com\/index.php\/wp-json\/wp\/v2\/categories?post=98313"},{"taxonomy":"post_tag","embeddable":true,"href":"https:\/\/www.actualidadadiario.com\/index.php\/wp-json\/wp\/v2\/tags?post=98313"}],"curies":[{"name":"wp","href":"https:\/\/api.w.org\/{rel}","templated":true}]}}