{"id":98307,"date":"2023-02-28T14:54:51","date_gmt":"2023-02-28T17:54:51","guid":{"rendered":"https:\/\/www.actualidadadiario.com\/?p=98307"},"modified":"2023-02-28T14:54:51","modified_gmt":"2023-02-28T17:54:51","slug":"diputados-el-oficialismo-consiguio-el-quorum-para-aprobar-moratoria-previsional","status":"publish","type":"post","link":"https:\/\/www.actualidadadiario.com\/index.php\/2023\/02\/28\/diputados-el-oficialismo-consiguio-el-quorum-para-aprobar-moratoria-previsional\/","title":{"rendered":"Diputados: el oficialismo consigui\u00f3 el qu\u00f3rum para aprobar moratoria previsional"},"content":{"rendered":"<p style=\"text-align: center;\"><em><strong>La sesi\u00f3n en el recinto comenz\u00f3 con el tratamiento de cuestiones de privilegio. El Frente de Todos busca convertir en ley el proyecto de moratoria previsional, que beneficiar\u00e1 a m\u00e1s de 800.000 personas<\/strong><\/em><\/p>\n<p>&nbsp;<\/p>\n<p>&nbsp;<\/p>\n<p>El Frente de Todos (FdT) consigui\u00f3 hoy el qu\u00f3rum reglamentario en la C\u00e1mara de Diputados y comenz\u00f3 la sesi\u00f3n especial donde se tratar\u00e1 el proyecto de regularizaci\u00f3n de deudas previsionales. Ser\u00e1 la \u00faltima jornada del per\u00edodo de sesiones extraordinarias, convocada por el Poder ejecutivo.<\/p>\n<p>Adem\u00e1s de la moratoria previsional, se buscar\u00e1 convertir en ley la iniciativa de digitalizaci\u00f3n de las historias cl\u00ednicas. Juntos por el Cambio (JxC) ratific\u00f3 que no dar\u00e1 qu\u00f3rum y manifest\u00f3 su rechazo a la iniciativa. Desde las 10:30 arranc\u00f3 la sesi\u00f3n.<\/p>\n<p>&nbsp;<\/p>\n<p><strong>Hay qu\u00f3rum y arranc\u00f3 la sesi\u00f3n<\/strong><\/p>\n<p>Para organizar los tiempos y el orden de la sesi\u00f3n, la presidenta de la C\u00e1mara de Diputados, Cecilia Moreau, encabez\u00f3 en el sal\u00f3n Delia Parodi la reuni\u00f3n de Labor Parlamentaria de la que participaron los jefes de todos los bloques que componen la c\u00e1mara.<\/p>\n<p>En una breve reuni\u00f3n, se acord\u00f3 que la sesi\u00f3n comenzar\u00e1 con la jura como diputado nacional del PRO de Gabriel Mraida, actual presidente del Instituto de la Vivienda porte\u00f1o, que asumir\u00e1 la banca de Waldo Wolff, designado secretario de Asuntos P\u00fablicos del Gobierno de la Ciudad de Buenos Aires en diciembre pasado.<\/p>\n<p>En el comienzo de la sesi\u00f3n, los diputados dar\u00e1n tratamiento a 12 cuestiones de privilegio, 3 homenajes y 2 apartamientos de reglamento. Luego, comenzar\u00e1 el debate de los proyectos de moratoria y de digitalizaci\u00f3n de historias cl\u00ednicas.<\/p>\n<p>&nbsp;<\/p>\n<p><strong>El oficialismo buscar\u00e1 aprobar la moratoria previsional<\/strong><\/p>\n<p>Se estima que la sesi\u00f3n de este martes durar\u00e1 alrededor de 6 horas. El proyecto de moratoria previsional establece un plan de pago de deuda previsional que permitir\u00eda a unas 800.000 personas que no cuentan con aportes suficientes poder acceder a la jubilaci\u00f3n.<\/p>\n<p>El tratamiento de esta iniciativa hab\u00eda fracasado el 21 de diciembre \u00faltimo, cuando Juntos por el Cambio (JxC) y otros bloques opositores se negaron a dar qu\u00f3rum para debatirlo.<\/p>\n<p>Para avanzar con el debate, el FdT deber\u00e1 reuni\u00f3 el apoyo de bloques minoritarios e intermedios. Fuentes parlamentarias adelantaron que la principal bancada opositora reci\u00e9n ingresar\u00eda al recinto una vez que el FdT y sus circunstanciales aliados consigan las 129 presencias que permitan habilitar el inicio de la sesi\u00f3n.<\/p>\n<p>Para alcanzar ese n\u00famero, desde el FdT conf\u00edan en los respaldos de los cuatro diputados de la Izquierda, los cuatro del interbloque Provincias Unidas (referenciados en los gobiernos provinciales de Misiones y R\u00edo Negro) y con al menos cuatro de los ocho integrantes del interbloque Federal.<\/p>\n","protected":false},"excerpt":{"rendered":"<p>La sesi\u00f3n en el recinto comenz\u00f3 con el tratamiento de cuestiones de privilegio. El Frente de Todos busca convertir en ley el proyecto de moratoria previsional, que beneficiar\u00e1 a m\u00e1s de 800.000 personas &nbsp; &nbsp; El Frente de Todos (FdT) consigui\u00f3 hoy el qu\u00f3rum reglamentario en la C\u00e1mara de Diputados y comenz\u00f3 la sesi\u00f3n especial donde se tratar\u00e1 el proyecto de regularizaci\u00f3n de deudas previsionales. Ser\u00e1 la \u00faltima jornada del per\u00edodo de sesiones extraordinarias, convocada por el Poder ejecutivo. Adem\u00e1s de la moratoria previsional, se buscar\u00e1 convertir en ley la&#8230;<\/p>\n","protected":false},"author":3,"featured_media":98308,"comment_status":"closed","ping_status":"closed","sticky":false,"template":"","format":"standard","meta":[],"categories":[18],"tags":[],"_links":{"self":[{"href":"https:\/\/www.actualidadadiario.com\/index.php\/wp-json\/wp\/v2\/posts\/98307"}],"collection":[{"href":"https:\/\/www.actualidadadiario.com\/index.php\/wp-json\/wp\/v2\/posts"}],"about":[{"href":"https:\/\/www.actualidadadiario.com\/index.php\/wp-json\/wp\/v2\/types\/post"}],"author":[{"embeddable":true,"href":"https:\/\/www.actualidadadiario.com\/index.php\/wp-json\/wp\/v2\/users\/3"}],"replies":[{"embeddable":true,"href":"https:\/\/www.actualidadadiario.com\/index.php\/wp-json\/wp\/v2\/comments?post=98307"}],"version-history":[{"count":1,"href":"https:\/\/www.actualidadadiario.com\/index.php\/wp-json\/wp\/v2\/posts\/98307\/revisions"}],"predecessor-version":[{"id":98309,"href":"https:\/\/www.actualidadadiario.com\/index.php\/wp-json\/wp\/v2\/posts\/98307\/revisions\/98309"}],"wp:featuredmedia":[{"embeddable":true,"href":"https:\/\/www.actualidadadiario.com\/index.php\/wp-json\/wp\/v2\/media\/98308"}],"wp:attachment":[{"href":"https:\/\/www.actualidadadiario.com\/index.php\/wp-json\/wp\/v2\/media?parent=98307"}],"wp:term":[{"taxonomy":"category","embeddable":true,"href":"https:\/\/www.actualidadadiario.com\/index.php\/wp-json\/wp\/v2\/categories?post=98307"},{"taxonomy":"post_tag","embeddable":true,"href":"https:\/\/www.actualidadadiario.com\/index.php\/wp-json\/wp\/v2\/tags?post=98307"}],"curies":[{"name":"wp","href":"https:\/\/api.w.org\/{rel}","templated":true}]}}