{"id":98305,"date":"2023-02-28T14:54:09","date_gmt":"2023-02-28T17:54:09","guid":{"rendered":"https:\/\/www.actualidadadiario.com\/?p=98305"},"modified":"2023-02-28T14:54:09","modified_gmt":"2023-02-28T17:54:09","slug":"las-razones-de-stornelli-para-no-presentarse-a-la-comision-de-juicio-politico-contra-la-corte-suprema","status":"publish","type":"post","link":"https:\/\/www.actualidadadiario.com\/index.php\/2023\/02\/28\/las-razones-de-stornelli-para-no-presentarse-a-la-comision-de-juicio-politico-contra-la-corte-suprema\/","title":{"rendered":"Las razones de Stornelli para no presentarse a la Comisi\u00f3n de Juicio Pol\u00edtico contra la Corte Suprema"},"content":{"rendered":"<p style=\"text-align: center;\"><em><strong>El fiscal federal a\u00fan no decidi\u00f3 su accionar, pero acopia motivos para evitar concurrir al Congreso. La teor\u00eda del &#8220;vuelto&#8221; de los agentes de la AFI que Comodoro Py juzg\u00f3 por el espionaje ilegal<\/strong><\/em><\/p>\n<p>&nbsp;<\/p>\n<p>&nbsp;<\/p>\n<p>El fiscal federal Carlos Stornelli a\u00fan no resolvi\u00f3 si concurrir\u00e1 o no a la citaci\u00f3n que le formul\u00f3 la Comisi\u00f3n de Juicio Pol\u00edtico que trata el proceso sobre la Corte Suprema de Justicia. Se lo espera en Diputados para el pr\u00f3ximo 7 de marzo.<\/p>\n<p>Stornelli eval\u00faa una presentaci\u00f3n por escrito y duda de estar facultado para declarar, por la naturaleza de sus funciones y las obligaciones de confidencialidad. Seg\u00fan un primer an\u00e1lisis, no podr\u00eda declarar como \u201ctestigo\u201d sobre el contenido de un dictamen que firm\u00f3 en el marco de una causa judicial en la que fue consultado por una \u201cvista\u201d que le corri\u00f3 el juez Sebasti\u00e1n Ramos.<\/p>\n<p>Sin embargo, dos magistrados \u2013el propio Ramos y Alejo Ramos Padilla- ya se presentaron ante la Comisi\u00f3n en la misma calidad de testigos y formularon declaraciones en el proceso de juicio pol\u00edtico a los jueces de la Corte Suprema.<\/p>\n<p>Al d\u00eda siguiente de que la Comisi\u00f3n dispusiera la convocatoria de Stornelli, la Asociaci\u00f3n de Magistrados emiti\u00f3 un comunicado en el que, sin nombrarlo, aludi\u00f3 claramente a su situaci\u00f3n y a la de los jueces que fueron convocados a declarar en ese \u00e1mbito parlamentario.<\/p>\n<p>\u201cTanto como no es funci\u00f3n de los magistrados pronunciarnos acerca de la forma en que desempe\u00f1an sus funciones los poderes Legislativo y Ejecutivo, rechazamos cualquier intento de ellos de atribuirse facultades que no les corresponden. Ni los fiscales deben explicar sus dict\u00e1menes a las diputadas y diputados de la Naci\u00f3n, ni los jueces sus decisiones\u00bb.<\/p>\n<p>Stornelli dictamin\u00f3 para la desestimaci\u00f3n del juez Sebasti\u00e1n Ramos en una denuncia sobre el contenido de los chats entre Robles y D\u2019Alessandro. Y, como no hab\u00eda querella, su dictamen fue vinculante. Ramos no pod\u00eda avanzar con un pronunciamiento adverso del Ministerio P\u00fablico Fiscal.<\/p>\n<p>Cierto es que tampoco pod\u00eda haber intervenido, porque la \u201camistad manifiesta\u201d con una de las partes, que qued\u00f3 reflejada en la nueva filtraci\u00f3n de chats (m\u00e1s all\u00e1 de su legalidad para ser utilizados como prueba en una causa judicial) es una de las causales taxativas de apartamiento de un expediente.<\/p>\n<p>En la Comisi\u00f3n creen que esas filtraciones son \u201cun vuelto\u201d de los ex agentes de la AFI a los que Comodoro Py consider\u00f3 \u201ccuentapropistas\u201d y los dej\u00f3 pegados mientras exculp\u00f3 a sus jefes. En efecto, cuando la causa tramitaba ante la Justicia federal de Lomas de Zamora, el juez Juan Pablo Aug\u00e9 hab\u00eda procesado a todos los involucrados en el espionaje ilegal, incluidos los m\u00e1ximos responsables de la AFI, Gustavo Arribas y Silvia Majdalani.<\/p>\n<p>Pero la causa aterriz\u00f3 en Comodoro Py (todos los expedientes por espionaje ilegal fueron a parar, m\u00e1s tarde o m\u00e1s temprano, a los tribunales de Retiro) y all\u00ed los camaristas Mariano Llorens y Pablo Bertuzzi dijeron que las actividades de inteligencia delictiva hab\u00edan sido obra de un grupo de marginales que integraban el grupo de WhatsApp \u201cS\u00faper Mario Bros\u201d. La mayor\u00eda de ellos proven\u00edan de la Polic\u00eda de la Ciudad y fueron contratados durante la gesti\u00f3n de Arribas y Majdalani.<\/p>\n<p>S\u00f3lo los \u201ccuentapropistas\u201d quedaron pegados, mientras que sus jefes est\u00e1n a salvo de cualquier imputaci\u00f3n.<\/p>\n<p>Pese a ello, los propios \u00abcuentapropistas\u201d e incluso algunos de los jueces que aparecen en los chats sospechan que, en realidad, las filtraciones son el fruto de la interna del PRO. Y no dudan sobre qui\u00e9n est\u00e1 detr\u00e1s de ellas: orientan sus miradas al ex presidente Mauricio Macri.<\/p>\n","protected":false},"excerpt":{"rendered":"<p>El fiscal federal a\u00fan no decidi\u00f3 su accionar, pero acopia motivos para evitar concurrir al Congreso. La teor\u00eda del &#8220;vuelto&#8221; de los agentes de la AFI que Comodoro Py juzg\u00f3 por el espionaje ilegal &nbsp; &nbsp; El fiscal federal Carlos Stornelli a\u00fan no resolvi\u00f3 si concurrir\u00e1 o no a la citaci\u00f3n que le formul\u00f3 la Comisi\u00f3n de Juicio Pol\u00edtico que trata el proceso sobre la Corte Suprema de Justicia. Se lo espera en Diputados para el pr\u00f3ximo 7 de marzo. Stornelli eval\u00faa una presentaci\u00f3n por escrito y duda de estar&#8230;<\/p>\n","protected":false},"author":3,"featured_media":42574,"comment_status":"closed","ping_status":"closed","sticky":false,"template":"","format":"standard","meta":[],"categories":[18],"tags":[],"_links":{"self":[{"href":"https:\/\/www.actualidadadiario.com\/index.php\/wp-json\/wp\/v2\/posts\/98305"}],"collection":[{"href":"https:\/\/www.actualidadadiario.com\/index.php\/wp-json\/wp\/v2\/posts"}],"about":[{"href":"https:\/\/www.actualidadadiario.com\/index.php\/wp-json\/wp\/v2\/types\/post"}],"author":[{"embeddable":true,"href":"https:\/\/www.actualidadadiario.com\/index.php\/wp-json\/wp\/v2\/users\/3"}],"replies":[{"embeddable":true,"href":"https:\/\/www.actualidadadiario.com\/index.php\/wp-json\/wp\/v2\/comments?post=98305"}],"version-history":[{"count":1,"href":"https:\/\/www.actualidadadiario.com\/index.php\/wp-json\/wp\/v2\/posts\/98305\/revisions"}],"predecessor-version":[{"id":98306,"href":"https:\/\/www.actualidadadiario.com\/index.php\/wp-json\/wp\/v2\/posts\/98305\/revisions\/98306"}],"wp:featuredmedia":[{"embeddable":true,"href":"https:\/\/www.actualidadadiario.com\/index.php\/wp-json\/wp\/v2\/media\/42574"}],"wp:attachment":[{"href":"https:\/\/www.actualidadadiario.com\/index.php\/wp-json\/wp\/v2\/media?parent=98305"}],"wp:term":[{"taxonomy":"category","embeddable":true,"href":"https:\/\/www.actualidadadiario.com\/index.php\/wp-json\/wp\/v2\/categories?post=98305"},{"taxonomy":"post_tag","embeddable":true,"href":"https:\/\/www.actualidadadiario.com\/index.php\/wp-json\/wp\/v2\/tags?post=98305"}],"curies":[{"name":"wp","href":"https:\/\/api.w.org\/{rel}","templated":true}]}}