{"id":98302,"date":"2023-02-28T14:53:08","date_gmt":"2023-02-28T17:53:08","guid":{"rendered":"https:\/\/www.actualidadadiario.com\/?p=98302"},"modified":"2023-02-28T14:53:08","modified_gmt":"2023-02-28T17:53:08","slug":"juraron-los-senadores-en-el-consejo-de-la-magistratura-sin-el-oficialista-martin-donate","status":"publish","type":"post","link":"https:\/\/www.actualidadadiario.com\/index.php\/2023\/02\/28\/juraron-los-senadores-en-el-consejo-de-la-magistratura-sin-el-oficialista-martin-donate\/","title":{"rendered":"Juraron los senadores en el Consejo de la Magistratura sin el oficialista Mart\u00edn Do\u00f1ate"},"content":{"rendered":"<p style=\"text-align: center;\"><em><strong>Los senadores oficialistas Mar\u00eda In\u00e9s Pilatti Vergara y Mariano Recalde y el opositor Eduardo Vischi, se incorporaron al organismo que elige y remueve jueces. No estuvieron los consejeros diputados del Frente de Todos, Rodolfo Tailhade y Vanesa Siley, en desacuerdo p\u00fablico con la proscripci\u00f3n de Do\u00f1ate<\/strong><\/em><\/p>\n<p>&nbsp;<\/p>\n<p>&nbsp;<\/p>\n<p>La Corte Suprema de Justicia tom\u00f3 finalmente este martes juramento en el Consejo de la Magistratura a tres de los cuatro consejeros en representaci\u00f3n del Senado, luego de decidir que el legislador oficialista Mart\u00edn Do\u00f1ate no puede ocupar la banca por la segunda minor\u00eda y que ese lugar le corresponde a la oposici\u00f3n.<\/p>\n<p>El juramento, que la ley estipula debe ser tomado por el presidente de la Corte (Horacio Rosatti) como tr\u00e1mite final para la asunci\u00f3n de los consejeros, se realiz\u00f3 en el sal\u00f3n Bermejo del cuarto piso del Palacio de Tribunales.<\/p>\n<p>Rosatti, tambi\u00e9n presidente del Consejo, tom\u00f3 el juramento ante la mirada de los invitados del m\u00e1ximo tribunal y familiares de los flamantes consejeros.<\/p>\n<p>Con este tr\u00e1mite, los senadores oficialistas Mar\u00eda In\u00e9s Pilatti Vergara y Mariano Recalde y el opositor Eduardo Vischi, se incorporaron al organismo que elige y remueve jueces.<\/p>\n<p>En cuanto a los consejeros, hubo asistencia plena de los representantes de los abogados y jueces, pero no as\u00ed de los consejeros diputados del Frente de Todos (FdT), Rodolfo Tailhade y Vanesa Siley, en desacuerdo p\u00fablico con la proscripci\u00f3n de Do\u00f1ate.<\/p>\n<p>En el entorno de los diputados aclararon que Tailhade y Siley decidieron privilegiar la sesi\u00f3n que trataba, a la misma hora, la moratoria previsional con n\u00fameros ajustados para el oficialismo.<\/p>\n<p>El conflicto por la banca de la segunda minor\u00eda se inici\u00f3 a principios de 2022 cuando por unanimidad la Corte declar\u00f3 inconstitucional la Ley 26.080 del a\u00f1o 2006, que hab\u00eda reducido de veinte a trece miembros el n\u00famero de integrantes del Consejo.<\/p>\n<p>Quince a\u00f1os despu\u00e9s de sancionada la ley, la Corte interven\u00eda en un reclamo de inconstitucionalidad interpuesto por el Colegio de Abogados de la Ciudad de Buenos Aires, desde donde planteaban que la reforma no respetaba el &#8220;equilibrio&#8221; de los distintos estamentos.<\/p>\n<p>Para adecuarse al fallo de la Corte, el Consejo convoc\u00f3 a elecciones entre los abogados y jueces y volvi\u00f3 a requerir al Congreso que eligiera sus representantes: dos por la mayor\u00eda, uno por la primera minor\u00eda o otro por la segunda minor\u00eda.<\/p>\n<p>Con la creaci\u00f3n del sub bloque &#8220;Unidad Ciudadana&#8221; el oficialismo se arrog\u00f3 la segunda minor\u00eda y reclam\u00f3 la banca designando a Do\u00f1ates como consejero representante.<\/p>\n<p>La Corte entonces, tomando un reclamo por esa misma banca del senador del Frente PRO Luis Juez, defini\u00f3 que el oficialismo hab\u00eda incurrido en un &#8220;ardid&#8221; ileg\u00edtimo para conservar tres de los cuatro representantes.<\/p>\n<p>El Senado insisti\u00f3 en la postulaci\u00f3n de Do\u00f1ate y fue as\u00ed que la Corte, en la segunda acordada del a\u00f1o, dispuso por mayor\u00eda -con votos de Rosatti, Carlos Rosenkrantz y Juan Carlos Maqueda- que se tome juramento a Pilatti, Recalde y Vischi, y se deje afuera a Do\u00f1ate, hasta tanto se resuelva a qui\u00e9n corresponde la representaci\u00f3n.<\/p>\n<p>Con diecinueve de sus miembros ya incorporados, en el Consejo aspiran a poder funcionar e, incluso, tomar decisiones llegando al qu\u00f3rum de 13 y dos tercios de los consejeros presentes para aprobar las ternas.<\/p>\n<p>La experiencia hasta aqu\u00ed indica que ser\u00e1 dif\u00edcil que el Consejo funcione por la complejidad pol\u00edtica de un a\u00f1o electoral y el conflicto de poderes en carne viva.<\/p>\n<p>El 16 de julio del a\u00f1o pasado fue la \u00faltima vez que el Consejo logr\u00f3 aprobar en plenario ternas de jueces para elevar al Poder Ejecutivo, en tres concursos para la justicia Civil, de Familia y de Menores.<\/p>\n<p>El marco de acuerdos de aquel momento entre oficialismo y oposici\u00f3n no alcanz\u00f3 para plantear definiciones sobre los juzgados y c\u00e1maras federales vacantes en Comodoro Py y otros puntos del pa\u00eds.<\/p>\n<p>Desde entonces, salvo para las cuestiones administrativas y de infraestructura tecnol\u00f3gica, el Consejo no funciona para su principal cometido: elegir jueces para que los seleccione el Poder Ejecutivo y los refrende el Senado.<\/p>\n","protected":false},"excerpt":{"rendered":"<p>Los senadores oficialistas Mar\u00eda In\u00e9s Pilatti Vergara y Mariano Recalde y el opositor Eduardo Vischi, se incorporaron al organismo que elige y remueve jueces. No estuvieron los consejeros diputados del Frente de Todos, Rodolfo Tailhade y Vanesa Siley, en desacuerdo p\u00fablico con la proscripci\u00f3n de Do\u00f1ate &nbsp; &nbsp; La Corte Suprema de Justicia tom\u00f3 finalmente este martes juramento en el Consejo de la Magistratura a tres de los cuatro consejeros en representaci\u00f3n del Senado, luego de decidir que el legislador oficialista Mart\u00edn Do\u00f1ate no puede ocupar la banca por la&#8230;<\/p>\n","protected":false},"author":3,"featured_media":98303,"comment_status":"closed","ping_status":"closed","sticky":false,"template":"","format":"standard","meta":[],"categories":[18],"tags":[],"_links":{"self":[{"href":"https:\/\/www.actualidadadiario.com\/index.php\/wp-json\/wp\/v2\/posts\/98302"}],"collection":[{"href":"https:\/\/www.actualidadadiario.com\/index.php\/wp-json\/wp\/v2\/posts"}],"about":[{"href":"https:\/\/www.actualidadadiario.com\/index.php\/wp-json\/wp\/v2\/types\/post"}],"author":[{"embeddable":true,"href":"https:\/\/www.actualidadadiario.com\/index.php\/wp-json\/wp\/v2\/users\/3"}],"replies":[{"embeddable":true,"href":"https:\/\/www.actualidadadiario.com\/index.php\/wp-json\/wp\/v2\/comments?post=98302"}],"version-history":[{"count":1,"href":"https:\/\/www.actualidadadiario.com\/index.php\/wp-json\/wp\/v2\/posts\/98302\/revisions"}],"predecessor-version":[{"id":98304,"href":"https:\/\/www.actualidadadiario.com\/index.php\/wp-json\/wp\/v2\/posts\/98302\/revisions\/98304"}],"wp:featuredmedia":[{"embeddable":true,"href":"https:\/\/www.actualidadadiario.com\/index.php\/wp-json\/wp\/v2\/media\/98303"}],"wp:attachment":[{"href":"https:\/\/www.actualidadadiario.com\/index.php\/wp-json\/wp\/v2\/media?parent=98302"}],"wp:term":[{"taxonomy":"category","embeddable":true,"href":"https:\/\/www.actualidadadiario.com\/index.php\/wp-json\/wp\/v2\/categories?post=98302"},{"taxonomy":"post_tag","embeddable":true,"href":"https:\/\/www.actualidadadiario.com\/index.php\/wp-json\/wp\/v2\/tags?post=98302"}],"curies":[{"name":"wp","href":"https:\/\/api.w.org\/{rel}","templated":true}]}}