{"id":98299,"date":"2023-02-28T14:52:25","date_gmt":"2023-02-28T17:52:25","guid":{"rendered":"https:\/\/www.actualidadadiario.com\/?p=98299"},"modified":"2023-02-28T14:52:25","modified_gmt":"2023-02-28T17:52:25","slug":"un-sector-de-la-mesa-de-enlace-se-moviliza-en-reclamo-de-medidas-por-la-sequia","status":"publish","type":"post","link":"https:\/\/www.actualidadadiario.com\/index.php\/2023\/02\/28\/un-sector-de-la-mesa-de-enlace-se-moviliza-en-reclamo-de-medidas-por-la-sequia\/","title":{"rendered":"Un sector de la Mesa de Enlace se moviliza en reclamo de medidas por la sequ\u00eda"},"content":{"rendered":"<p style=\"text-align: center;\"><em><strong>La Federaci\u00f3n Agraria y otras entidades piden ayuda destinadas a paliar las p\u00e9rdidas que enfrentan los productores a causa de la sequ\u00eda<\/strong><\/em><\/p>\n<p>&nbsp;<\/p>\n<p>&nbsp;<\/p>\n<p>La Federaci\u00f3n Agraria Argentina (FAA) y otras entidades rurales se movilizan en el sur de Santa Fe, en un acto en el que reclamar\u00e1n m\u00e1s medidas de ayuda destinadas a paliar las p\u00e9rdidas que enfrentan los productores a causa de la sequ\u00eda.<\/p>\n<p>La convocatoria, que dar\u00e1 comienzo a las 8, tendr\u00e1 su epicentro en el cruce de la ruta 90 y autopista Rosario-Buenos Aires, a la altura de la localidad de Villa Constituci\u00f3n, en Santa Fe. &#8220;Estamos tratando de que no asista ning\u00fan pol\u00edtico, porque nos empa\u00f1a la realidad del productor. No queremos que sea una movida pol\u00edtica porque la realidad del productor, por las inclemencias del clima y la situaci\u00f3n econ\u00f3mica, es para interpelar a todo el acto pol\u00edtico&#8221;, dijo el presidente de FAA, Carlos Achetoni, en di\u00e1logo con radio Continental.<\/p>\n<p>Seg\u00fan Achetoni, la demanda de los productores pasa por la necesidad de contar con m\u00e1s celeridad en la asistencia crediticia, mejores l\u00edneas de financiamiento y la suspensi\u00f3n de todas los embargos por falta de pagos de impuestos por parte de AFIP, entre otras cuestiones.<\/p>\n<p>La convocatoria de Federaci\u00f3n Agraria cuenta con la adhesi\u00f3n de la Sociedad Rural Argentina (SRA), Confederaciones Rurales Argentinas (CRA) y Coninagro, las entidades que en conjunto conforman la denominada Mesa de Enlace. &#8220;El productor siente la falta de pol\u00edtica p\u00fablica para sortear esta situaci\u00f3n&#8221;, dijo Achetoni.<\/p>\n<p>La semana pasada, el secretario de Agricultura, Ganader\u00eda y Pesca, Juan Jos\u00e9 Bahillo, cuestion\u00f3 el llamado a la asamblea nacional de productores y llam\u00f3 al di\u00e1logo. \u201cNo se puede decir que el Estado no est\u00e1 presente y que no est\u00e1 cerca; y que no nos estamos ocupando y no estamos trabajando. Obviamente, la expectativa hay que ponerla en un lugar razonable porque no hay pol\u00edtica del Estado que reemplace lo que es el ciclo normal de lluvias\u201d, afirm\u00f3 el funcionario en declaraciones a Radio 10.<\/p>\n<p>Al respecto, destac\u00f3 la puesta en marcha de un programa de compensaci\u00f3n en el que se inscribieron casi 4.500 productores e implic\u00f3 una inversi\u00f3n de m\u00e1s de $ 3.600 millones para quienes tengan hasta 100 hect\u00e1reas de ma\u00edz y hasta 400 de soja. Tambi\u00e9n destac\u00f3 el programa Impulso Tambero \u201ccon aportes de hasta $ 600.000 por cuatro meses para tamberos de hasta 5.000 litros diarios y un aporte adicional para los de hasta 1.500 litros\u201d, el cual \u2013afirm\u00f3- implic\u00f3 \u201cuna inversi\u00f3n de m\u00e1s de $8.150 millones\u201d y una inscripci\u00f3n de \u201ccasi 4.400 productores\u201d.<\/p>\n<p>De todas formas, reconoci\u00f3 que hay \u201cproductores que vienen de tres a\u00f1os de sequ\u00eda\u201d, y que por ello el objetivo de su \u00e1rea es que \u201cno se caiga ning\u00fan productor y que cada uno siga sembrando, trabajando e invirtiendo\u201d.<\/p>\n","protected":false},"excerpt":{"rendered":"<p>La Federaci\u00f3n Agraria y otras entidades piden ayuda destinadas a paliar las p\u00e9rdidas que enfrentan los productores a causa de la sequ\u00eda &nbsp; &nbsp; La Federaci\u00f3n Agraria Argentina (FAA) y otras entidades rurales se movilizan en el sur de Santa Fe, en un acto en el que reclamar\u00e1n m\u00e1s medidas de ayuda destinadas a paliar las p\u00e9rdidas que enfrentan los productores a causa de la sequ\u00eda. La convocatoria, que dar\u00e1 comienzo a las 8, tendr\u00e1 su epicentro en el cruce de la ruta 90 y autopista Rosario-Buenos Aires, a la&#8230;<\/p>\n","protected":false},"author":3,"featured_media":98300,"comment_status":"closed","ping_status":"closed","sticky":false,"template":"","format":"standard","meta":[],"categories":[18],"tags":[],"_links":{"self":[{"href":"https:\/\/www.actualidadadiario.com\/index.php\/wp-json\/wp\/v2\/posts\/98299"}],"collection":[{"href":"https:\/\/www.actualidadadiario.com\/index.php\/wp-json\/wp\/v2\/posts"}],"about":[{"href":"https:\/\/www.actualidadadiario.com\/index.php\/wp-json\/wp\/v2\/types\/post"}],"author":[{"embeddable":true,"href":"https:\/\/www.actualidadadiario.com\/index.php\/wp-json\/wp\/v2\/users\/3"}],"replies":[{"embeddable":true,"href":"https:\/\/www.actualidadadiario.com\/index.php\/wp-json\/wp\/v2\/comments?post=98299"}],"version-history":[{"count":1,"href":"https:\/\/www.actualidadadiario.com\/index.php\/wp-json\/wp\/v2\/posts\/98299\/revisions"}],"predecessor-version":[{"id":98301,"href":"https:\/\/www.actualidadadiario.com\/index.php\/wp-json\/wp\/v2\/posts\/98299\/revisions\/98301"}],"wp:featuredmedia":[{"embeddable":true,"href":"https:\/\/www.actualidadadiario.com\/index.php\/wp-json\/wp\/v2\/media\/98300"}],"wp:attachment":[{"href":"https:\/\/www.actualidadadiario.com\/index.php\/wp-json\/wp\/v2\/media?parent=98299"}],"wp:term":[{"taxonomy":"category","embeddable":true,"href":"https:\/\/www.actualidadadiario.com\/index.php\/wp-json\/wp\/v2\/categories?post=98299"},{"taxonomy":"post_tag","embeddable":true,"href":"https:\/\/www.actualidadadiario.com\/index.php\/wp-json\/wp\/v2\/tags?post=98299"}],"curies":[{"name":"wp","href":"https:\/\/api.w.org\/{rel}","templated":true}]}}