{"id":98296,"date":"2023-02-28T14:51:43","date_gmt":"2023-02-28T17:51:43","guid":{"rendered":"https:\/\/www.actualidadadiario.com\/?p=98296"},"modified":"2023-02-28T14:51:43","modified_gmt":"2023-02-28T17:51:43","slug":"apertura-de-sesiones-ordinarias-por-que-se-celebran-todos-los-1-de-marzo-en-el-congreso","status":"publish","type":"post","link":"https:\/\/www.actualidadadiario.com\/index.php\/2023\/02\/28\/apertura-de-sesiones-ordinarias-por-que-se-celebran-todos-los-1-de-marzo-en-el-congreso\/","title":{"rendered":"Apertura de sesiones ordinarias: por qu\u00e9 se celebran todos los 1\u00b0 de marzo en el Congreso"},"content":{"rendered":"<p style=\"text-align: center;\"><em><strong>A\u00f1o a a\u00f1o, el presidente de la Naci\u00f3n debe inaugurar el per\u00edodo de sesiones ordinarias ante la Asamblea Legislativa. Enterate el porqu\u00e9 de esta fecha<\/strong><\/em><\/p>\n<p>&nbsp;<\/p>\n<p>&nbsp;<\/p>\n<p>Todos los 1\u00b0 de marzo, el presidente de la Naci\u00f3n debe prestar un discurso ante la Asamblea Legislativa (el \u00f3rgano constitucional que re\u00fane a las dos c\u00e1maras parlamentarias), para dar comienzo al per\u00edodo de sesiones ordinarias del Congreso Nacional, el cual se extiende hasta el 30 de noviembre.<\/p>\n<p>La Constituci\u00f3n Nacional establece, en el art\u00edculo 75 que el titular del Poder Ejecutivo tiene el deber, por \u00fanica vez en el a\u00f1o, de asistir al Parlamento e inaugurar la etapa de sesiones ordinarias (que son las sesiones regulares del organismo). Asimismo, le corresponde expresar un mensaje en el que d\u00e9 cuenta &#8220;del estado de la Naci\u00f3n&#8221;; &#8220;de las reformas prometidas&#8221; y de la &#8220;puesta en discusi\u00f3n de los temas que, a su consideraci\u00f3n, sean necesarios y convenientes\u201d para el bienestar del pa\u00eds.<\/p>\n<p>&nbsp;<\/p>\n<p><strong>Apertura de sesiones: por qu\u00e9 se hacen los 1\u00b0 de marzo<\/strong><\/p>\n<p>La apertura de las sesiones ordinarias es para la Argentina, el momento en que se pone formalmente en marcha la actividad en el Congreso de la Naci\u00f3n. Es un acto que este a\u00f1o cumple 161 a\u00f1os, habi\u00e9ndose realizado por primera vez en 1862, despu\u00e9s de 30 a\u00f1os de conflictos y gobiernos descentralizados. Se desarrolla cada 1\u00ba de marzo, desde la entrada en vigor de la Constituci\u00f3n Nacional definida en 1994, bajo mandato de Carlos Menem.<\/p>\n<p>Antes de la \u00faltima reforma, como se rese\u00f1a en la p\u00e1gina web oficial de la C\u00e1mara de Diputados, la inauguraci\u00f3n del per\u00edodo ordinario se realizaba reci\u00e9n el 1\u00ba de mayo, dado que el Congreso funcionaba desde esa fecha hasta el 30 de septiembre (actualmente es se extienden hasta el 30 de noviembre).<\/p>\n<p>&nbsp;<\/p>\n<p><strong>Participaci\u00f3n: qu\u00e9 presidentes inauguraron el per\u00edodo ordinario<\/strong><\/p>\n<p>No existe, en los \u00faltimos 40 a\u00f1os de democracia, ning\u00fan registro de un presidente de la Naci\u00f3n que no haya asistido un 1\u00ba de marzo, ni tampoco lo hay de ning\u00fan 1\u00b0 de mayo antes de 1995. Seg\u00fan se apunta en los archivos, el presidente de la Naci\u00f3n que m\u00e1s cantidad de veces hizo la apertura de las sesiones ordinarias fue Julio Argentino Roca, en 12 ocasiones. En segundo lugar est\u00e1 Juan Domingo Per\u00f3n, con 11 inauguraciones; Carlos Menem con 10, e Hip\u00f3lito Yrigoyen y Cristina Fern\u00e1ndez de Kirchner, con 8 cada uno.<\/p>\n<p>La diferencia entre Fern\u00e1ndez de Kirchner e Yrigoyen es que, las aperturas de la primera, se caracterizaron por largos y encendidos discursos presenciales, mientras que Yrigoyen siempre hizo las aperturas enviando su mensaje por escrito, sin apersonarse en el Congreso.<\/p>\n","protected":false},"excerpt":{"rendered":"<p>A\u00f1o a a\u00f1o, el presidente de la Naci\u00f3n debe inaugurar el per\u00edodo de sesiones ordinarias ante la Asamblea Legislativa. Enterate el porqu\u00e9 de esta fecha &nbsp; &nbsp; Todos los 1\u00b0 de marzo, el presidente de la Naci\u00f3n debe prestar un discurso ante la Asamblea Legislativa (el \u00f3rgano constitucional que re\u00fane a las dos c\u00e1maras parlamentarias), para dar comienzo al per\u00edodo de sesiones ordinarias del Congreso Nacional, el cual se extiende hasta el 30 de noviembre. La Constituci\u00f3n Nacional establece, en el art\u00edculo 75 que el titular del Poder Ejecutivo tiene&#8230;<\/p>\n","protected":false},"author":3,"featured_media":98297,"comment_status":"closed","ping_status":"closed","sticky":false,"template":"","format":"standard","meta":[],"categories":[18],"tags":[],"_links":{"self":[{"href":"https:\/\/www.actualidadadiario.com\/index.php\/wp-json\/wp\/v2\/posts\/98296"}],"collection":[{"href":"https:\/\/www.actualidadadiario.com\/index.php\/wp-json\/wp\/v2\/posts"}],"about":[{"href":"https:\/\/www.actualidadadiario.com\/index.php\/wp-json\/wp\/v2\/types\/post"}],"author":[{"embeddable":true,"href":"https:\/\/www.actualidadadiario.com\/index.php\/wp-json\/wp\/v2\/users\/3"}],"replies":[{"embeddable":true,"href":"https:\/\/www.actualidadadiario.com\/index.php\/wp-json\/wp\/v2\/comments?post=98296"}],"version-history":[{"count":1,"href":"https:\/\/www.actualidadadiario.com\/index.php\/wp-json\/wp\/v2\/posts\/98296\/revisions"}],"predecessor-version":[{"id":98298,"href":"https:\/\/www.actualidadadiario.com\/index.php\/wp-json\/wp\/v2\/posts\/98296\/revisions\/98298"}],"wp:featuredmedia":[{"embeddable":true,"href":"https:\/\/www.actualidadadiario.com\/index.php\/wp-json\/wp\/v2\/media\/98297"}],"wp:attachment":[{"href":"https:\/\/www.actualidadadiario.com\/index.php\/wp-json\/wp\/v2\/media?parent=98296"}],"wp:term":[{"taxonomy":"category","embeddable":true,"href":"https:\/\/www.actualidadadiario.com\/index.php\/wp-json\/wp\/v2\/categories?post=98296"},{"taxonomy":"post_tag","embeddable":true,"href":"https:\/\/www.actualidadadiario.com\/index.php\/wp-json\/wp\/v2\/tags?post=98296"}],"curies":[{"name":"wp","href":"https:\/\/api.w.org\/{rel}","templated":true}]}}