{"id":98290,"date":"2023-02-28T14:50:14","date_gmt":"2023-02-28T17:50:14","guid":{"rendered":"https:\/\/www.actualidadadiario.com\/?p=98290"},"modified":"2023-02-28T14:50:14","modified_gmt":"2023-02-28T17:50:14","slug":"con-la-presencia-de-ballay-y-el-titular-de-la-uier-diputados-trato-el-proyecto-de-promocion-y-desarrollo-industrial","status":"publish","type":"post","link":"https:\/\/www.actualidadadiario.com\/index.php\/2023\/02\/28\/con-la-presencia-de-ballay-y-el-titular-de-la-uier-diputados-trato-el-proyecto-de-promocion-y-desarrollo-industrial\/","title":{"rendered":"Con la presencia de Ballay y el titular de la UIER, Diputados trat\u00f3 el proyecto de promoci\u00f3n y desarrollo industrial"},"content":{"rendered":"<p style=\"text-align: center;\"><em><strong>Se realiz\u00f3 una reuni\u00f3n conjunta entre la Comisi\u00f3n de Comercio, Industria y Producci\u00f3n y la de Hacienda, Presupuesto y Cuentas para tratar el proyecto que crea un r\u00e9gimen para beneficiar al sector productivo de Entre R\u00edos. Particip\u00f3 el ministro de Econom\u00eda, Hugo Ballay, y el presidente de la Uni\u00f3n Industrial de Entre R\u00edos, Gabriel Bourd\u00edn<\/strong><\/em><\/p>\n<p>&nbsp;<\/p>\n<p>&nbsp;<\/p>\n<p>La C\u00e1mara de Diputados de Entre R\u00edos realiz\u00f3 este martes una reuni\u00f3n conjunta entre la Comisi\u00f3n de Comercio, Industria y Producci\u00f3n y la de Hacienda, Presupuesto y Cuentas, presidida por el diputado N\u00e9stor Loggio y la diputada Vanesa Castillo (Bloque Frente Justicialista CREER Entre R\u00edos).<\/p>\n<p>Se trat\u00f3 el proyecto de ley enviado por el Poder Ejecutivo que crea el R\u00e9gimen Provincial de Promoci\u00f3n y Desarrollo Industrial. El mismo brindar\u00e1 beneficios como la exenci\u00f3n de impuestos provinciales y descuentos en prestaciones de servicio de energ\u00eda el\u00e9ctrica, a fines de favorecer el desarrollo integral y arm\u00f3nico de la econom\u00eda provincial.<\/p>\n<p>El diputado Loggio dijo que la iniciativa surgi\u00f3 del di\u00e1logo entre el Poder Ejecutivo, la Uni\u00f3n Industrial de Entre R\u00edos y su equipo para reformar la Ley actual y afirm\u00f3 que \u201chicimos un proyecto muy \u00e1gil para incorporar. Vamos a tener la norma m\u00e1s ambiciosa en lo que hace a promoci\u00f3n industrial\u201d.<\/p>\n<p>El ministro de Econom\u00eda, Hacienda y Finanzas, Hugo Ballay, dijo que este proyecto \u201cbusca beneficiar no solo a nuevas industrias, sino tambi\u00e9n a las ya existentes que est\u00e1n por hacer inversiones\u201d y que \u201cbuscamos la no reducci\u00f3n de personal\u201d. Tambi\u00e9n destac\u00f3 que se incentiva la sustentabilidad ambiental y la contrataci\u00f3n de mujeres.<\/p>\n<p>El presidente de la Uni\u00f3n Industrial de la Provincia de Entre R\u00edos, Gabriel Bourd\u00edn, expres\u00f3 que se viene impulsando este debate desde hace 20 a\u00f1os y que \u201cpara cambiar el perfil productivo de la provincia, hay que ponerse de acuerdo en la ley que queremos\u201d. Asimismo, hizo \u00e9nfasis en la necesidad de que se incremente el empleo privado.<\/p>\n<p>De la reuni\u00f3n presidida por Loggio y Castillo participaron las diputadas y los diputados Uriel Brupbacher, Gustavo Cusinato, Juan Manuel Huss, Juan Navarro, Mariano Rebord, Leonardo Silva, Julio Solanas, Carmen Toller, Esteban Vitor, Juan Domingo Zacar\u00edas y Gustavo Zavallo.<\/p>\n","protected":false},"excerpt":{"rendered":"<p>Se realiz\u00f3 una reuni\u00f3n conjunta entre la Comisi\u00f3n de Comercio, Industria y Producci\u00f3n y la de Hacienda, Presupuesto y Cuentas para tratar el proyecto que crea un r\u00e9gimen para beneficiar al sector productivo de Entre R\u00edos. Particip\u00f3 el ministro de Econom\u00eda, Hugo Ballay, y el presidente de la Uni\u00f3n Industrial de Entre R\u00edos, Gabriel Bourd\u00edn &nbsp; &nbsp; La C\u00e1mara de Diputados de Entre R\u00edos realiz\u00f3 este martes una reuni\u00f3n conjunta entre la Comisi\u00f3n de Comercio, Industria y Producci\u00f3n y la de Hacienda, Presupuesto y Cuentas, presidida por el diputado N\u00e9stor&#8230;<\/p>\n","protected":false},"author":3,"featured_media":98291,"comment_status":"closed","ping_status":"closed","sticky":false,"template":"","format":"standard","meta":[],"categories":[15],"tags":[],"_links":{"self":[{"href":"https:\/\/www.actualidadadiario.com\/index.php\/wp-json\/wp\/v2\/posts\/98290"}],"collection":[{"href":"https:\/\/www.actualidadadiario.com\/index.php\/wp-json\/wp\/v2\/posts"}],"about":[{"href":"https:\/\/www.actualidadadiario.com\/index.php\/wp-json\/wp\/v2\/types\/post"}],"author":[{"embeddable":true,"href":"https:\/\/www.actualidadadiario.com\/index.php\/wp-json\/wp\/v2\/users\/3"}],"replies":[{"embeddable":true,"href":"https:\/\/www.actualidadadiario.com\/index.php\/wp-json\/wp\/v2\/comments?post=98290"}],"version-history":[{"count":1,"href":"https:\/\/www.actualidadadiario.com\/index.php\/wp-json\/wp\/v2\/posts\/98290\/revisions"}],"predecessor-version":[{"id":98292,"href":"https:\/\/www.actualidadadiario.com\/index.php\/wp-json\/wp\/v2\/posts\/98290\/revisions\/98292"}],"wp:featuredmedia":[{"embeddable":true,"href":"https:\/\/www.actualidadadiario.com\/index.php\/wp-json\/wp\/v2\/media\/98291"}],"wp:attachment":[{"href":"https:\/\/www.actualidadadiario.com\/index.php\/wp-json\/wp\/v2\/media?parent=98290"}],"wp:term":[{"taxonomy":"category","embeddable":true,"href":"https:\/\/www.actualidadadiario.com\/index.php\/wp-json\/wp\/v2\/categories?post=98290"},{"taxonomy":"post_tag","embeddable":true,"href":"https:\/\/www.actualidadadiario.com\/index.php\/wp-json\/wp\/v2\/tags?post=98290"}],"curies":[{"name":"wp","href":"https:\/\/api.w.org\/{rel}","templated":true}]}}