{"id":98285,"date":"2023-02-28T14:48:50","date_gmt":"2023-02-28T17:48:50","guid":{"rendered":"https:\/\/www.actualidadadiario.com\/?p=98285"},"modified":"2023-02-28T14:48:50","modified_gmt":"2023-02-28T17:48:50","slug":"brigadistas-y-bomberos-de-entre-rios-y-buenos-aires-combaten-dos-focos-de-incendios-en-islas-del-delta","status":"publish","type":"post","link":"https:\/\/www.actualidadadiario.com\/index.php\/2023\/02\/28\/brigadistas-y-bomberos-de-entre-rios-y-buenos-aires-combaten-dos-focos-de-incendios-en-islas-del-delta\/","title":{"rendered":"Brigadistas y bomberos de Entre R\u00edos y Buenos Aires combaten dos focos de incendios en islas del Delta"},"content":{"rendered":"<p style=\"text-align: center;\"><em><strong>Una docena de brigadistas de ambas provincias trabajan para combatir dos focos activos en islas del Delta, al sur, frente a Baradero. En tanto, al norte, frente a Alvear, no se registra actividad \u00edgnea pero contin\u00faa el monitoreo permanente<\/strong><\/em><\/p>\n<p>&nbsp;<\/p>\n<p>&nbsp;<\/p>\n<p>El comando instalado hace unos d\u00edas en Baradero, provincia de Buenos Aires, inform\u00f3 que se registran dos focos activos en islas que est\u00e1n siendo combatidos por personal de la Brigada de Respuesta Ambiental y la brigada forestal de la Polic\u00eda de Entre R\u00edos; municipios de San Pedro y Baradero y bomberos voluntarios de Entre R\u00edos y Baradero.<\/p>\n<p>Cuentan con dos aviones Vig\u00eda provistos por Entre R\u00edos y un helic\u00f3ptero cedido por Naci\u00f3n. Este lunes las tareas consistieron en trabajar sobre el flanco izquierdo, realizando l\u00ednea negra hasta anclarlo al canal con agua. En la jornada de hoy se realizar\u00e1 un vuelo con personal t\u00e9cnico y jefes de cuadrillas para evaluar los trabajos realizados el d\u00eda anterior y comenzar la distribuci\u00f3n de combatientes. Este martes se cuenta con 16 combatientes para terreno.<\/p>\n<p>Por otra parte, desde el comando de Alvear se inform\u00f3 que no hay actividad \u00edgnea. Este martes se realiz\u00f3 un vuelo vig\u00eda por la zona sin observarse actividad y se divisan muchos espejos de agua en la zona. Permanece una guardia operativa monitoreando de forma satelital.<\/p>\n<p>El informe completo est\u00e1 disponible en https:\/\/bit.ly\/3GiMMKc.<\/p>\n<p>Por dudas o consultas comunicarse con el coordinador del Plan de Manejo del Fuego de Entre R\u00edos, Mauro Rodr\u00edguez: 345 62659790<\/p>\n<p>En caso de visualizar una columna de humo o incendio comunicarse al 100 (Bomberos) o 101 (Polic\u00eda).<\/p>\n","protected":false},"excerpt":{"rendered":"<p>Una docena de brigadistas de ambas provincias trabajan para combatir dos focos activos en islas del Delta, al sur, frente a Baradero. En tanto, al norte, frente a Alvear, no se registra actividad \u00edgnea pero contin\u00faa el monitoreo permanente &nbsp; &nbsp; El comando instalado hace unos d\u00edas en Baradero, provincia de Buenos Aires, inform\u00f3 que se registran dos focos activos en islas que est\u00e1n siendo combatidos por personal de la Brigada de Respuesta Ambiental y la brigada forestal de la Polic\u00eda de Entre R\u00edos; municipios de San Pedro y Baradero&#8230;<\/p>\n","protected":false},"author":3,"featured_media":97659,"comment_status":"closed","ping_status":"closed","sticky":false,"template":"","format":"standard","meta":[],"categories":[15],"tags":[],"_links":{"self":[{"href":"https:\/\/www.actualidadadiario.com\/index.php\/wp-json\/wp\/v2\/posts\/98285"}],"collection":[{"href":"https:\/\/www.actualidadadiario.com\/index.php\/wp-json\/wp\/v2\/posts"}],"about":[{"href":"https:\/\/www.actualidadadiario.com\/index.php\/wp-json\/wp\/v2\/types\/post"}],"author":[{"embeddable":true,"href":"https:\/\/www.actualidadadiario.com\/index.php\/wp-json\/wp\/v2\/users\/3"}],"replies":[{"embeddable":true,"href":"https:\/\/www.actualidadadiario.com\/index.php\/wp-json\/wp\/v2\/comments?post=98285"}],"version-history":[{"count":1,"href":"https:\/\/www.actualidadadiario.com\/index.php\/wp-json\/wp\/v2\/posts\/98285\/revisions"}],"predecessor-version":[{"id":98286,"href":"https:\/\/www.actualidadadiario.com\/index.php\/wp-json\/wp\/v2\/posts\/98285\/revisions\/98286"}],"wp:featuredmedia":[{"embeddable":true,"href":"https:\/\/www.actualidadadiario.com\/index.php\/wp-json\/wp\/v2\/media\/97659"}],"wp:attachment":[{"href":"https:\/\/www.actualidadadiario.com\/index.php\/wp-json\/wp\/v2\/media?parent=98285"}],"wp:term":[{"taxonomy":"category","embeddable":true,"href":"https:\/\/www.actualidadadiario.com\/index.php\/wp-json\/wp\/v2\/categories?post=98285"},{"taxonomy":"post_tag","embeddable":true,"href":"https:\/\/www.actualidadadiario.com\/index.php\/wp-json\/wp\/v2\/tags?post=98285"}],"curies":[{"name":"wp","href":"https:\/\/api.w.org\/{rel}","templated":true}]}}