{"id":98282,"date":"2023-02-28T14:48:12","date_gmt":"2023-02-28T17:48:12","guid":{"rendered":"https:\/\/www.actualidadadiario.com\/?p=98282"},"modified":"2023-02-28T14:48:12","modified_gmt":"2023-02-28T17:48:12","slug":"concordia-armando-gay-lanzo-su-precandidatura-a-intendente","status":"publish","type":"post","link":"https:\/\/www.actualidadadiario.com\/index.php\/2023\/02\/28\/concordia-armando-gay-lanzo-su-precandidatura-a-intendente\/","title":{"rendered":"Concordia: Armando Gay lanz\u00f3 su precandidatura a intendente"},"content":{"rendered":"<p style=\"text-align: center;\"><em><strong>Ante un teatro Ode\u00f3n colmado, el senador oficializ\u00f3 su intenci\u00f3n de disputar la intendencia. \u00a0Lo hizo con un mensaje de unidad, apoyado en su slogan donde afirma que \u201cla ciudad que so\u00f1amos necesita a todas sus partes unidas\u201d<\/strong><\/em><\/p>\n<p>&nbsp;<\/p>\n<p>&nbsp;<\/p>\n<p>La presentaci\u00f3n comenz\u00f3 con un video centrado en la propuesta de transformaci\u00f3n y crecimiento que Gay aspira para la ciudad. Apoyado fundamentalmente en obras de infraestructura urbana y cultural, espacios para el comercio y el desarrollo tecnol\u00f3gico e industrial. Adem\u00e1s, puso especial \u00e9nfasis en la importancia de generar mejores oportunidades para el sector emprendedor y la apertura de nuevos atractivos tur\u00edsticos que pondr\u00e1n a Concordia a la vanguardia en la provincia y la regi\u00f3n.<\/p>\n<p>Entre las principales obras que se mostraron en el v\u00eddeo, se destacaron la instalaci\u00f3n de un shopping, la tan esperada y anhelada remodelaci\u00f3n del cors\u00f3dromo &#8216;Atanasio Bonfiglio&#8217; y la puesta en valor y ampliaci\u00f3n del Puente Alvear que conectar\u00e1 con la Circunvalaci\u00f3n Costanera, para conformar el primer anillo que rodear\u00e1 toda la ciudad.<\/p>\n<p>Dirigi\u00e9ndose al p\u00fablico presente, el senador Gay dijo que esa proyecci\u00f3n \u201ces la Concordia con la que sue\u00f1o hace muchos a\u00f1os, una ciudad que elijo todos los d\u00edas y por la que me siento preparado para trabajar todos los d\u00edas\u201d.<\/p>\n<p>Ante ello, dijo tener \u201cel firme deseo de continuar con la idea de trabajo que nos marcaron el ex intendente Gustavo Bordet y el actual intendente Enrique Cresto\u201d, a lo que sumar\u00e1 su \u201cimpronta personal, que incluye muchos a\u00f1os de trabajo en la actividad privada\u201d, sostuvo.<\/p>\n<p>El deseo de conducir el destino de la ciudad, \u201cnace de los m\u00e1s profundo de mis recuerdos\u201d afirm\u00f3 Gay, rescatando \u201caquel ni\u00f1o que fui, que creci\u00f3 y se form\u00f3 en los clubes de Concordia, que jug\u00f3 en sus plazas, disfrut\u00f3 de su r\u00edo Uruguay, que estudi\u00f3 en sus escuelas, que su trabajo de comerciante lo llev\u00f3 a caminar cada uno de sus barrios\u201d, a\u00f1adi\u00f3 el Senador.<\/p>\n<p>A su vez \u201cPor ese amor, ese respeto y en agradecimiento a todo lo que me ha dado, quiero y estoy seguro que vamos a hacer realidad no solo mi sue\u00f1o sino el de todos, que es tener la mejor ciudad para vivir&#8221; afirm\u00f3 Gay.<\/p>\n<p>Al cerrar su alocuci\u00f3n, dijo que \u201cnecesitamos imperiosamente un cambio de modelo cultural del \u00e9xito\u201d, para lo cual se \u201cdebe pasar de uno que parte de la fama y el individualismo, a otro que es el de la solidaridad y la humildad. Tienen mi compromiso y cuento con cada uno de ustedes&#8221;, concluy\u00f3.<\/p>\n","protected":false},"excerpt":{"rendered":"<p>Ante un teatro Ode\u00f3n colmado, el senador oficializ\u00f3 su intenci\u00f3n de disputar la intendencia. \u00a0Lo hizo con un mensaje de unidad, apoyado en su slogan donde afirma que \u201cla ciudad que so\u00f1amos necesita a todas sus partes unidas\u201d &nbsp; &nbsp; La presentaci\u00f3n comenz\u00f3 con un video centrado en la propuesta de transformaci\u00f3n y crecimiento que Gay aspira para la ciudad. Apoyado fundamentalmente en obras de infraestructura urbana y cultural, espacios para el comercio y el desarrollo tecnol\u00f3gico e industrial. Adem\u00e1s, puso especial \u00e9nfasis en la importancia de generar mejores oportunidades&#8230;<\/p>\n","protected":false},"author":3,"featured_media":98283,"comment_status":"closed","ping_status":"closed","sticky":false,"template":"","format":"standard","meta":[],"categories":[15],"tags":[],"_links":{"self":[{"href":"https:\/\/www.actualidadadiario.com\/index.php\/wp-json\/wp\/v2\/posts\/98282"}],"collection":[{"href":"https:\/\/www.actualidadadiario.com\/index.php\/wp-json\/wp\/v2\/posts"}],"about":[{"href":"https:\/\/www.actualidadadiario.com\/index.php\/wp-json\/wp\/v2\/types\/post"}],"author":[{"embeddable":true,"href":"https:\/\/www.actualidadadiario.com\/index.php\/wp-json\/wp\/v2\/users\/3"}],"replies":[{"embeddable":true,"href":"https:\/\/www.actualidadadiario.com\/index.php\/wp-json\/wp\/v2\/comments?post=98282"}],"version-history":[{"count":1,"href":"https:\/\/www.actualidadadiario.com\/index.php\/wp-json\/wp\/v2\/posts\/98282\/revisions"}],"predecessor-version":[{"id":98284,"href":"https:\/\/www.actualidadadiario.com\/index.php\/wp-json\/wp\/v2\/posts\/98282\/revisions\/98284"}],"wp:featuredmedia":[{"embeddable":true,"href":"https:\/\/www.actualidadadiario.com\/index.php\/wp-json\/wp\/v2\/media\/98283"}],"wp:attachment":[{"href":"https:\/\/www.actualidadadiario.com\/index.php\/wp-json\/wp\/v2\/media?parent=98282"}],"wp:term":[{"taxonomy":"category","embeddable":true,"href":"https:\/\/www.actualidadadiario.com\/index.php\/wp-json\/wp\/v2\/categories?post=98282"},{"taxonomy":"post_tag","embeddable":true,"href":"https:\/\/www.actualidadadiario.com\/index.php\/wp-json\/wp\/v2\/tags?post=98282"}],"curies":[{"name":"wp","href":"https:\/\/api.w.org\/{rel}","templated":true}]}}