{"id":98279,"date":"2023-02-28T14:46:33","date_gmt":"2023-02-28T17:46:33","guid":{"rendered":"https:\/\/www.actualidadadiario.com\/?p=98279"},"modified":"2023-02-28T14:46:33","modified_gmt":"2023-02-28T17:46:33","slug":"bravo-anuncio-un-proyecto-para-una-nueva-escuela-primaria-en-federacion","status":"publish","type":"post","link":"https:\/\/www.actualidadadiario.com\/index.php\/2023\/02\/28\/bravo-anuncio-un-proyecto-para-una-nueva-escuela-primaria-en-federacion\/","title":{"rendered":"Bravo anunci\u00f3 un proyecto para una nueva escuela primaria en Federaci\u00f3n"},"content":{"rendered":"<p style=\"text-align: center;\"><em><strong>El intendente de Federaci\u00f3n, Ricardo Bravo, particip\u00f3 el pasado lunes del acto de inicio de ciclo lectivo en la Escuela N\u00ba 44 \u00abDel Boyero\u00bb. All\u00ed, entre varias de sus declaraciones, anunci\u00f3 un proyecto que se llevar\u00e1 a cabo en la ciudad que beneficiar\u00e1 a todos los vecinos: la creaci\u00f3n de una unidad educativa de nivel inicial y primario<\/strong><\/em><\/p>\n<p>&nbsp;<\/p>\n<p>&nbsp;<\/p>\n<p>El intendente destac\u00f3 que no se realizaba una construcci\u00f3n de este tipo desde que se trasladaron, pero que el apto t\u00e9cnico ya est\u00e1 a disposici\u00f3n para poder comenzar con la edificaci\u00f3n, lo \u00fanico que resta es concretar el financiamiento para que la obra salga a licitaci\u00f3n.<\/p>\n<p>Para el funcionario, este proyecto es de suma importancia para \u201cbrindarles m\u00e1s espacios a nuestros gurises y j\u00f3venes\u201d, y desea que este ciclo lectivo 2023 sea un pr\u00f3spero a\u00f1o para que los ni\u00f1os tengan el mejor resultado a nivel educativo.<\/p>\n","protected":false},"excerpt":{"rendered":"<p>El intendente de Federaci\u00f3n, Ricardo Bravo, particip\u00f3 el pasado lunes del acto de inicio de ciclo lectivo en la Escuela N\u00ba 44 \u00abDel Boyero\u00bb. All\u00ed, entre varias de sus declaraciones, anunci\u00f3 un proyecto que se llevar\u00e1 a cabo en la ciudad que beneficiar\u00e1 a todos los vecinos: la creaci\u00f3n de una unidad educativa de nivel inicial y primario &nbsp; &nbsp; El intendente destac\u00f3 que no se realizaba una construcci\u00f3n de este tipo desde que se trasladaron, pero que el apto t\u00e9cnico ya est\u00e1 a disposici\u00f3n para poder comenzar con la&#8230;<\/p>\n","protected":false},"author":3,"featured_media":98280,"comment_status":"closed","ping_status":"closed","sticky":false,"template":"","format":"standard","meta":[],"categories":[15],"tags":[],"_links":{"self":[{"href":"https:\/\/www.actualidadadiario.com\/index.php\/wp-json\/wp\/v2\/posts\/98279"}],"collection":[{"href":"https:\/\/www.actualidadadiario.com\/index.php\/wp-json\/wp\/v2\/posts"}],"about":[{"href":"https:\/\/www.actualidadadiario.com\/index.php\/wp-json\/wp\/v2\/types\/post"}],"author":[{"embeddable":true,"href":"https:\/\/www.actualidadadiario.com\/index.php\/wp-json\/wp\/v2\/users\/3"}],"replies":[{"embeddable":true,"href":"https:\/\/www.actualidadadiario.com\/index.php\/wp-json\/wp\/v2\/comments?post=98279"}],"version-history":[{"count":1,"href":"https:\/\/www.actualidadadiario.com\/index.php\/wp-json\/wp\/v2\/posts\/98279\/revisions"}],"predecessor-version":[{"id":98281,"href":"https:\/\/www.actualidadadiario.com\/index.php\/wp-json\/wp\/v2\/posts\/98279\/revisions\/98281"}],"wp:featuredmedia":[{"embeddable":true,"href":"https:\/\/www.actualidadadiario.com\/index.php\/wp-json\/wp\/v2\/media\/98280"}],"wp:attachment":[{"href":"https:\/\/www.actualidadadiario.com\/index.php\/wp-json\/wp\/v2\/media?parent=98279"}],"wp:term":[{"taxonomy":"category","embeddable":true,"href":"https:\/\/www.actualidadadiario.com\/index.php\/wp-json\/wp\/v2\/categories?post=98279"},{"taxonomy":"post_tag","embeddable":true,"href":"https:\/\/www.actualidadadiario.com\/index.php\/wp-json\/wp\/v2\/tags?post=98279"}],"curies":[{"name":"wp","href":"https:\/\/api.w.org\/{rel}","templated":true}]}}