{"id":98274,"date":"2023-02-28T14:44:39","date_gmt":"2023-02-28T17:44:39","guid":{"rendered":"https:\/\/www.actualidadadiario.com\/?p=98274"},"modified":"2023-02-28T14:44:39","modified_gmt":"2023-02-28T17:44:39","slug":"17-mil-entrerrianos-se-beneficiarian-de-la-ley-de-plan-de-pago-de-deuda-previsional","status":"publish","type":"post","link":"https:\/\/www.actualidadadiario.com\/index.php\/2023\/02\/28\/17-mil-entrerrianos-se-beneficiarian-de-la-ley-de-plan-de-pago-de-deuda-previsional\/","title":{"rendered":"17 mil entrerrianos se beneficiar\u00edan de la ley de plan de pago de deuda previsional"},"content":{"rendered":"<p style=\"text-align: center;\"><em><strong>La Ley de Plan de Pago de Deuda Previsional que se est\u00e1 tratando en el marco de las Sesiones Extraordinarias del Congreso Nacional, tendr\u00eda alto impacto en todo el pa\u00eds<\/strong><\/em><\/p>\n<p>&nbsp;<\/p>\n<p>&nbsp;<\/p>\n<p>\u201cEn el \u00e1mbito nacional, 800 mil argentinas y argentinos podr\u00edan acceder a su jubilaci\u00f3n este a\u00f1o gracias a la sanci\u00f3n de esta ley\u201d, explicaron desde Anses.<\/p>\n<p>En tanto, a nivel provincial las y los beneficiados por esta ley se dividen en: 268 mil en Buenos Aires; 91 mil en Ciudad Aut\u00f3noma de Buenos Aires; 54 mil en C\u00f3rdoba; 48 mil en Santa Fe; 29 mil en Mendoza; 23 mil en Tucum\u00e1n; 22 mil en Misiones; 22 mil en Chaco; 21 mil en Salta; 21 mil en Corrientes; 17 mil en Entre R\u00edos; 17 mil en Formosa; 15 mil en Santiago del Estero; 10 mil en Jujuy; 10 mil en San Juan; 10 mil en Chubut; 10 mil en Neuqu\u00e9n; 10 mil en R\u00edo Negro; 9 mil en Santa Cruz; 8 mil en San Luis; 4 mil en La Pampa; 4 mil en La Rioja; 4 mil en Catamarca y 2 mil en Tierra del Fuego.<\/p>\n<p>\u201cTengo esperanza de que ma\u00f1ana los diputados bajen al recinto, puedan discutir esta ley y construir esta herramienta, que no es ni para ANSES ni para el Gobierno, sino para 800 mil argentinas y argentinos que la est\u00e1n esperando\u201d, afirm\u00f3 la directora ejecutiva de ANSES, Fernanda Raverta.<\/p>\n","protected":false},"excerpt":{"rendered":"<p>La Ley de Plan de Pago de Deuda Previsional que se est\u00e1 tratando en el marco de las Sesiones Extraordinarias del Congreso Nacional, tendr\u00eda alto impacto en todo el pa\u00eds &nbsp; &nbsp; \u201cEn el \u00e1mbito nacional, 800 mil argentinas y argentinos podr\u00edan acceder a su jubilaci\u00f3n este a\u00f1o gracias a la sanci\u00f3n de esta ley\u201d, explicaron desde Anses. En tanto, a nivel provincial las y los beneficiados por esta ley se dividen en: 268 mil en Buenos Aires; 91 mil en Ciudad Aut\u00f3noma de Buenos Aires; 54 mil en C\u00f3rdoba;&#8230;<\/p>\n","protected":false},"author":3,"featured_media":95772,"comment_status":"closed","ping_status":"closed","sticky":false,"template":"","format":"standard","meta":[],"categories":[9],"tags":[],"_links":{"self":[{"href":"https:\/\/www.actualidadadiario.com\/index.php\/wp-json\/wp\/v2\/posts\/98274"}],"collection":[{"href":"https:\/\/www.actualidadadiario.com\/index.php\/wp-json\/wp\/v2\/posts"}],"about":[{"href":"https:\/\/www.actualidadadiario.com\/index.php\/wp-json\/wp\/v2\/types\/post"}],"author":[{"embeddable":true,"href":"https:\/\/www.actualidadadiario.com\/index.php\/wp-json\/wp\/v2\/users\/3"}],"replies":[{"embeddable":true,"href":"https:\/\/www.actualidadadiario.com\/index.php\/wp-json\/wp\/v2\/comments?post=98274"}],"version-history":[{"count":1,"href":"https:\/\/www.actualidadadiario.com\/index.php\/wp-json\/wp\/v2\/posts\/98274\/revisions"}],"predecessor-version":[{"id":98275,"href":"https:\/\/www.actualidadadiario.com\/index.php\/wp-json\/wp\/v2\/posts\/98274\/revisions\/98275"}],"wp:featuredmedia":[{"embeddable":true,"href":"https:\/\/www.actualidadadiario.com\/index.php\/wp-json\/wp\/v2\/media\/95772"}],"wp:attachment":[{"href":"https:\/\/www.actualidadadiario.com\/index.php\/wp-json\/wp\/v2\/media?parent=98274"}],"wp:term":[{"taxonomy":"category","embeddable":true,"href":"https:\/\/www.actualidadadiario.com\/index.php\/wp-json\/wp\/v2\/categories?post=98274"},{"taxonomy":"post_tag","embeddable":true,"href":"https:\/\/www.actualidadadiario.com\/index.php\/wp-json\/wp\/v2\/tags?post=98274"}],"curies":[{"name":"wp","href":"https:\/\/api.w.org\/{rel}","templated":true}]}}