{"id":98270,"date":"2023-02-28T14:43:15","date_gmt":"2023-02-28T17:43:15","guid":{"rendered":"https:\/\/www.actualidadadiario.com\/?p=98270"},"modified":"2023-02-28T14:43:15","modified_gmt":"2023-02-28T17:43:15","slug":"de-cara-a-la-apertura-de-la-asamblea-legislativa-cual-seria-la-agenda-y-quienes-estarian-presentes","status":"publish","type":"post","link":"https:\/\/www.actualidadadiario.com\/index.php\/2023\/02\/28\/de-cara-a-la-apertura-de-la-asamblea-legislativa-cual-seria-la-agenda-y-quienes-estarian-presentes\/","title":{"rendered":"De cara a la apertura de la asamblea legislativa: cu\u00e1l ser\u00eda la agenda y qui\u00e9nes estar\u00edan presentes"},"content":{"rendered":"<p style=\"text-align: center;\"><em><strong>El discurso, los invitados y la Corte, se especula cu\u00e1les ser\u00e1n los temas para la apertura de la asamblea legislativa. M\u00e1ximo Kirchner esta vez estar\u00e1 presente. El Evita no movilizar\u00e1. Y el m\u00e1ximo tribunal decidir\u00e1 en bloque su asistencia. Dudas por la menci\u00f3n a la proscripci\u00f3n de Cristina Fern\u00e1ndez en el discurso de Alberto Fern\u00e1ndez y la agenda judicial<\/strong><\/em><\/p>\n<p>&nbsp;<\/p>\n<p>&nbsp;<\/p>\n<p>El presidente Alberto Fern\u00e1ndez pas\u00f3 el fin de semana en la Quinta de Olivos con el objetivo de redactar el discurso que dar\u00e1 en la apertura de sesiones del Congreso el mi\u00e9rcoles. All\u00ed, se sentar\u00e1 al lado de la vicepresidenta, Cristina Fern\u00e1ndez de Kirchner, a quien no ve en persona desde septiembre. Mientras que entre el p\u00fablico estar\u00e1n ministros, senadores y tambi\u00e9n los diputados que el d\u00eda anterior participar\u00e1n de la \u00faltima sesi\u00f3n extraordinaria del a\u00f1o en la C\u00e1mara baja.<\/p>\n<p>El temario que envi\u00f3 el Ejecutivo para que los legisladores traten durante ese per\u00edodo especial, es decir, 28 proyectos, no fue abordado en su totalidad porque la oposici\u00f3n se neg\u00f3 a sesionar poniendo como excusa que no lo hac\u00edan porque no estaban de acuerdo con el proyecto de juicio pol\u00edtico a los jueces de la Corte Suprema. El Presidente hablar\u00e1 de ese tema en su discurso y mencionar\u00e1 los proyectos que el Ejecutivo insistir\u00e1 para que se traten en el recinto. Por el conflicto con la Corte, est\u00e1 en duda la presencia de los jueces del tribunal supremo para ese d\u00eda. Afuera del palacio legislativo este a\u00f1o no habr\u00e1 movilizaci\u00f3n de las organizaciones sociales, que s\u00ed acompa\u00f1aron al Presidente los a\u00f1os anteriores.<\/p>\n<p>&nbsp;<\/p>\n<p><strong>El kirchnerismo y el Evita\u00a0 <\/strong><\/p>\n<p>Desde el Movimiento Evita, uno de los espacios que se identificaban y apoyaron a Fern\u00e1ndez durante el correr de la gesti\u00f3n, ya anunciaron que no movilizar\u00e1n porque &#8220;ser\u00eda un escenario que intenta convalidar una candidatura de Alberto y eso hoy divide al Frente de Todos&#8221;. Las agrupaciones ligadas al kirchnerismo en tanto, no s\u00f3lo no movilizar\u00e1n el primero de marzo, sino que est\u00e1n preparando un acto para el 11, en donde denunciar\u00e1n la proscripci\u00f3n de la vicepresidenta y presentar\u00e1n &#8220;una propuesta de gobierno&#8221;.<\/p>\n<p>Fern\u00e1ndez, mientras tanto, sigue con la idea de su reelecci\u00f3n y mostrando la gesti\u00f3n. El repaso de sus logros a cargo del Ejecutivo ser\u00e1 uno de los ejes centrales de su discurso, en el que hablar\u00e1 tambi\u00e9n de los 40 a\u00f1os de democracia que se cumplir\u00e1n en el mes de diciembre de este a\u00f1o. Adem\u00e1s, en los pr\u00f3ximos d\u00edas Fern\u00e1ndez continuar\u00e1 con sus recorridos por las provincias. Ayer estuvo en Chaco con el gobernador Jorge Capitanich, donde inaugur\u00f3 una escuela, hoy estar\u00e1 en Mor\u00f3n y el jueves, un d\u00eda despu\u00e9s de la apertura de sesiones, viajar\u00e1 a Salta para entregar viviendas en los valles Calchaqu\u00edes. Una actividad que estaba prevista para la semana pasada, pero que fue reprogramada.<\/p>\n<p>&nbsp;<\/p>\n<p><strong>Ausencias y presencias <\/strong><\/p>\n<p>En cuanto a las presencias y ausencias en la asamblea legislativa, es casi seguro que no asistan los jueces de la Corte Suprema de Justicia. Voceros de la CSJN indicaron que ceremonial del Senado les envi\u00f3 las invitaciones el lunes cerca de las seis de la tarde, pero que a\u00fan no hay definici\u00f3n acerca de si asistir\u00e1n o no. Los supremos tambi\u00e9n estaban esperando que este lunes regrese uno de ellos, Carlos Rosenkrantz, que no estaba en la ciudad, para analizar qu\u00e9 decisi\u00f3n tomar en conjunto. El detalle en s\u00ed mismo es un dato: adelanta que, tomen la decisi\u00f3n que tomen, los supremos buscar\u00e1n actuar en bloque y sin desmarques.<\/p>\n<p>&nbsp;<\/p>\n<p><strong>Qu\u00e9 piensan en la Rosada <\/strong><\/p>\n<p>El jefe de Gabinete, Agust\u00edn Rossi, hab\u00eda sostenido que \u201cser\u00eda bueno&#8221; que los miembros de la Corte concurran a la Asamblea Legislativa y advirti\u00f3 que &#8220;mejor ser\u00eda que vayan a la Comisi\u00f3n de Juicio Pol\u00edtico a explicar por qu\u00e9 pasan ciertas cosas en la Argentina y se toman algunas decisiones en el marco de la Corte\u201d. Entre los 28 proyectos que el Ejecutivo envi\u00f3 a extraordinarias y que no fueron tratados por el Congreso estaba la modificaci\u00f3n del Consejo de la Magistratura, el acuerdo para designar al nuevo procurador y el proyecto de ampliaci\u00f3n de la Corte Suprema, entre otros.<\/p>\n<p>Una presencia que llamar\u00e1 la atenci\u00f3n es la del diputado M\u00e1ximo Kirchner, que este a\u00f1o participar\u00eda del evento, a diferencia de los a\u00f1os anteriores. El l\u00edder de la C\u00e1mpora escuchar\u00e1 atento el discurso de Fern\u00e1ndez sentado en su banca. La \u00faltima vez que MK y Fern\u00e1ndez se vieron las caras fue en la mesa del FDT que se hizo en la sede del PJ nacional hace unos d\u00edas. El Presidente no mencionar\u00eda en su discurso la &#8220;proscripci\u00f3n&#8221; que sufre CFK. \u00c9l cree que es necesario se\u00f1alar que es inocente, no proscripta.<\/p>\n<p>El proceso para el armado del discurso, seg\u00fan cuentan cerca del mandatario, es similar al de a\u00f1os anteriores: desde hace varias semanas la secretar\u00eda General de la Presidencia, que lidera Julio Vitobello, comenz\u00f3 a recibir los informes de gesti\u00f3n de todos y cada uno de los ministerios del gabinete nacional. Esa informaci\u00f3n fue jerarquizada y con ella se armaron borradores que luego llegaron a las manos del Presidente. El mandatario trabaj\u00f3 el texto en la soledad de la Quinta de Olivos y tambi\u00e9n colabor\u00f3 en el antes y el despu\u00e9s la vocera presidencial, Gabriela Cerruti y otros de sus funcionarios m\u00e1s cercanos.<\/p>\n<p>Ese mismo d\u00eda 1\u00b0 de marzo, a las 18, tambi\u00e9n se desarrollar\u00e1 la apertura de sesiones ordinarias en la Provincia de Buenos Aires, en la ciudad de La Plata, con la presencia del gobernador Axel Kicillof. Algo que no ocurri\u00f3 el a\u00f1o anterior porque ese evento se hizo el 2 de marzo. \u201cEl gobernador dar\u00e1 cuenta de lo hecho con el presupuesto y lo que va a suceder en el a\u00f1o entrante, y supongo que insistir\u00e1 con la obra p\u00fablica, las vivienda construidas y las pol\u00edticas para el sector agropecuario\u201d, adelant\u00f3 la senadora bonaerense Teresa Garc\u00eda.<\/p>\n","protected":false},"excerpt":{"rendered":"<p>El discurso, los invitados y la Corte, se especula cu\u00e1les ser\u00e1n los temas para la apertura de la asamblea legislativa. M\u00e1ximo Kirchner esta vez estar\u00e1 presente. El Evita no movilizar\u00e1. Y el m\u00e1ximo tribunal decidir\u00e1 en bloque su asistencia. Dudas por la menci\u00f3n a la proscripci\u00f3n de Cristina Fern\u00e1ndez en el discurso de Alberto Fern\u00e1ndez y la agenda judicial &nbsp; &nbsp; El presidente Alberto Fern\u00e1ndez pas\u00f3 el fin de semana en la Quinta de Olivos con el objetivo de redactar el discurso que dar\u00e1 en la apertura de sesiones del&#8230;<\/p>\n","protected":false},"author":3,"featured_media":97980,"comment_status":"closed","ping_status":"closed","sticky":false,"template":"","format":"standard","meta":[],"categories":[9],"tags":[],"_links":{"self":[{"href":"https:\/\/www.actualidadadiario.com\/index.php\/wp-json\/wp\/v2\/posts\/98270"}],"collection":[{"href":"https:\/\/www.actualidadadiario.com\/index.php\/wp-json\/wp\/v2\/posts"}],"about":[{"href":"https:\/\/www.actualidadadiario.com\/index.php\/wp-json\/wp\/v2\/types\/post"}],"author":[{"embeddable":true,"href":"https:\/\/www.actualidadadiario.com\/index.php\/wp-json\/wp\/v2\/users\/3"}],"replies":[{"embeddable":true,"href":"https:\/\/www.actualidadadiario.com\/index.php\/wp-json\/wp\/v2\/comments?post=98270"}],"version-history":[{"count":1,"href":"https:\/\/www.actualidadadiario.com\/index.php\/wp-json\/wp\/v2\/posts\/98270\/revisions"}],"predecessor-version":[{"id":98271,"href":"https:\/\/www.actualidadadiario.com\/index.php\/wp-json\/wp\/v2\/posts\/98270\/revisions\/98271"}],"wp:featuredmedia":[{"embeddable":true,"href":"https:\/\/www.actualidadadiario.com\/index.php\/wp-json\/wp\/v2\/media\/97980"}],"wp:attachment":[{"href":"https:\/\/www.actualidadadiario.com\/index.php\/wp-json\/wp\/v2\/media?parent=98270"}],"wp:term":[{"taxonomy":"category","embeddable":true,"href":"https:\/\/www.actualidadadiario.com\/index.php\/wp-json\/wp\/v2\/categories?post=98270"},{"taxonomy":"post_tag","embeddable":true,"href":"https:\/\/www.actualidadadiario.com\/index.php\/wp-json\/wp\/v2\/tags?post=98270"}],"curies":[{"name":"wp","href":"https:\/\/api.w.org\/{rel}","templated":true}]}}