{"id":98268,"date":"2023-02-28T14:42:02","date_gmt":"2023-02-28T17:42:02","guid":{"rendered":"https:\/\/www.actualidadadiario.com\/?p=98268"},"modified":"2023-02-28T14:42:02","modified_gmt":"2023-02-28T17:42:02","slug":"elecciones-2023-el-calendario-electoral-provincia-por-provincia-cuando-son-las-paso-y-las-elecciones-generales","status":"publish","type":"post","link":"https:\/\/www.actualidadadiario.com\/index.php\/2023\/02\/28\/elecciones-2023-el-calendario-electoral-provincia-por-provincia-cuando-son-las-paso-y-las-elecciones-generales\/","title":{"rendered":"Elecciones 2023: el calendario electoral provincia por provincia, cu\u00e1ndo son las PASO y las elecciones generales"},"content":{"rendered":"<p style=\"text-align: center;\"><em><strong>En febrero iniciaron los primeros sufragios y continuar\u00e1 cargada la agenda electoral por el recambio de legisladores, gobernadores y las presidenciales. Habr\u00e1 PASO, generales y, probablemente, ballotage<\/strong><\/em><\/p>\n<p>&nbsp;<\/p>\n<p>&nbsp;<\/p>\n<p>Ya hubo elecciones en febrero en la Provincia de La Pampa como puntapi\u00e9 inicial y Argentina tendr\u00e1 un calendario cargado de sufragios legislativos, provinciales y presidenciales. El \u00faltimo domingo electoral ser\u00eda el domingo 19 de noviembre en caso de haber ballotage.<\/p>\n<p>A continuaci\u00f3n te presentamos el calendario electoral argentino 2023 recordando que el domingo 12 de febrero hubo sufragio para las PASO de La Pampa.<\/p>\n<ul>\n<li>El 16 de abril habr\u00e1 elecciones en Neuqu\u00e9n y R\u00edo Negro.<\/li>\n<li>El 7 de mayo habr\u00e1 comicios en Jujuy, Misiones y La Rioja.<\/li>\n<li>El 14 de mayo en La Pampa, San Juan, Salta, Tucum\u00e1n y Tierra del Fuego.<\/li>\n<li>El 4 de junio en Corrientes.<\/li>\n<li>El 11 de junio en San Luis y PASO en Mendoza.<\/li>\n<li>El 18 de junio en C\u00f3rdoba<\/li>\n<li>El s\u00e1bado 24 de junio cierran las listas de candidatos a Presidente, Ciudad Aut\u00f3noma de Buenos Aires y Provincia de Buenos Aires.<\/li>\n<li>El 30 de julio habr\u00e1 PASO en Entre R\u00edos.<\/li>\n<\/ul>\n<p>&nbsp;<\/p>\n<p><strong>Elecciones presidenciales 2023<\/strong><\/p>\n<p>El 13 de agosto habr\u00e1 PASO presidenciales, diputados y senadores nacionales. Tambi\u00e9n para cargos en la Ciudad Aut\u00f3noma de Buenos Aires, cargos locales en las Provincias de Buenos Aires y Catamarca.<\/p>\n<p>El 10 de septiembre ser\u00e1n las elecciones generales en Santa Fe, el 17 en Chaco y el 24 en Mendoza y Entre R\u00edos.<\/p>\n<p>Octubre tendr\u00e1 varias elecciones decisivas. El 22 se elegir\u00e1 Presidente, senadores y diputados nacionales. Tambi\u00e9n se votar\u00e1 a gobernadores de Buenos Aires y Catamarca como as\u00ed tambi\u00e9n a Jefe de Gobierno Porte\u00f1o.<\/p>\n<p>En caso de haber segunda vuelta, el ballotage presidencial ser\u00e1 el domingo 19 de noviembre.<\/p>\n","protected":false},"excerpt":{"rendered":"<p>En febrero iniciaron los primeros sufragios y continuar\u00e1 cargada la agenda electoral por el recambio de legisladores, gobernadores y las presidenciales. Habr\u00e1 PASO, generales y, probablemente, ballotage &nbsp; &nbsp; Ya hubo elecciones en febrero en la Provincia de La Pampa como puntapi\u00e9 inicial y Argentina tendr\u00e1 un calendario cargado de sufragios legislativos, provinciales y presidenciales. El \u00faltimo domingo electoral ser\u00eda el domingo 19 de noviembre en caso de haber ballotage. A continuaci\u00f3n te presentamos el calendario electoral argentino 2023 recordando que el domingo 12 de febrero hubo sufragio para las&#8230;<\/p>\n","protected":false},"author":3,"featured_media":97764,"comment_status":"closed","ping_status":"closed","sticky":false,"template":"","format":"standard","meta":[],"categories":[9],"tags":[],"_links":{"self":[{"href":"https:\/\/www.actualidadadiario.com\/index.php\/wp-json\/wp\/v2\/posts\/98268"}],"collection":[{"href":"https:\/\/www.actualidadadiario.com\/index.php\/wp-json\/wp\/v2\/posts"}],"about":[{"href":"https:\/\/www.actualidadadiario.com\/index.php\/wp-json\/wp\/v2\/types\/post"}],"author":[{"embeddable":true,"href":"https:\/\/www.actualidadadiario.com\/index.php\/wp-json\/wp\/v2\/users\/3"}],"replies":[{"embeddable":true,"href":"https:\/\/www.actualidadadiario.com\/index.php\/wp-json\/wp\/v2\/comments?post=98268"}],"version-history":[{"count":1,"href":"https:\/\/www.actualidadadiario.com\/index.php\/wp-json\/wp\/v2\/posts\/98268\/revisions"}],"predecessor-version":[{"id":98269,"href":"https:\/\/www.actualidadadiario.com\/index.php\/wp-json\/wp\/v2\/posts\/98268\/revisions\/98269"}],"wp:featuredmedia":[{"embeddable":true,"href":"https:\/\/www.actualidadadiario.com\/index.php\/wp-json\/wp\/v2\/media\/97764"}],"wp:attachment":[{"href":"https:\/\/www.actualidadadiario.com\/index.php\/wp-json\/wp\/v2\/media?parent=98268"}],"wp:term":[{"taxonomy":"category","embeddable":true,"href":"https:\/\/www.actualidadadiario.com\/index.php\/wp-json\/wp\/v2\/categories?post=98268"},{"taxonomy":"post_tag","embeddable":true,"href":"https:\/\/www.actualidadadiario.com\/index.php\/wp-json\/wp\/v2\/tags?post=98268"}],"curies":[{"name":"wp","href":"https:\/\/api.w.org\/{rel}","templated":true}]}}