{"id":98261,"date":"2023-02-28T14:39:43","date_gmt":"2023-02-28T17:39:43","guid":{"rendered":"https:\/\/www.actualidadadiario.com\/?p=98261"},"modified":"2023-02-28T14:39:43","modified_gmt":"2023-02-28T17:39:43","slug":"catorce-provincias-con-alertas-amarillas-por-altas-temperaturas-tormentas-y-vientos","status":"publish","type":"post","link":"https:\/\/www.actualidadadiario.com\/index.php\/2023\/02\/28\/catorce-provincias-con-alertas-amarillas-por-altas-temperaturas-tormentas-y-vientos\/","title":{"rendered":"Catorce provincias con alertas amarillas por altas temperaturas, tormentas y vientos"},"content":{"rendered":"<p style=\"text-align: center;\"><em><strong>Gran parte del pa\u00eds se encuentra bajo alerta amarilla por altas temperaturas por calor, que llegar\u00e1n hasta los 36 grados de m\u00e1xima, mientras rigen otras advertencias por vientos para el sur del pa\u00eds y por tormentas, acompa\u00f1adas por intensas r\u00e1fagas, actividad el\u00e9ctrica y ocasional ca\u00edda de granizo para Cuyo, inform\u00f3 el Servicio Meteorol\u00f3gico Nacional (SMN)<\/strong><\/em><\/p>\n<p>&nbsp;<\/p>\n<p>&nbsp;<\/p>\n<p>Las provincias Corrientes, Entre R\u00edos, Santiago del Estero, Santa Fe, C\u00f3rdoba, San Luis, Mendoza, Neuqu\u00e9n, La Pampa, provincia y ciudad de Buenos Aires est\u00e1n afectadas por altas temperaturas que pueden generar un efecto de leve a moderado en la salud, lo que significa que son \u00abpeligrosas, sobre todo para los grupos de riesgo, como ni\u00f1os y ni\u00f1as, personas mayores de 65 a\u00f1os, con enfermedades cr\u00f3nicas\u00bb.<\/p>\n<p>Las temperaturas en estas zonas llegar\u00e1n a m\u00e1ximas de 36 grados, como en Paran\u00e1, Entre R\u00edos, y Santa Fe; mientras en Mendoza y ciudad de Buenos Aires, 35; en C\u00f3rdoba, 34; La Plata, 33; y Corrientes, 31.<\/p>\n<p>En tanto, se esperan tormentas con valores de precipitaci\u00f3n acumulada entre 20 y 40 mil\u00edmetros, pudiendo ser superados en forma puntual, en el este y sur de San Juan, el oeste y norte de San Luis y gran parte de Mendoza.<\/p>\n<p>En estas zonas, el SMN recomend\u00f3 no sacar la basura, retirar objetos que impidan que el agua escurra, evitar actividades al aire libre, no refugiarse cerca de \u00e1rboles y postes de electricidad que puedan caerse y no permanecer en playas, r\u00edos, lagunas o piletas para minimizar el riesgo de ser alcanzado por un rayo.<\/p>\n<p>Adem\u00e1s, estar atento ante la posible ca\u00edda de granizo, informarse por las autoridades y tener siempre lista una mochila de emergencias con linterna, radio, documentos y tel\u00e9fono.<\/p>\n<p>Por \u00faltimo, rigen alertas amarillas por vientos del sector oeste con velocidades entre 50 y 70 kil\u00f3metros por hora y r\u00e1fagas de hasta 90 kil\u00f3metros por hora para el sur de Chubut y toda la provincia de Santa Cruz y Tierra del fuego.<\/p>\n<p>En este sector, el SMN recomend\u00f3 a los pobladores que eviten actividades al aire libre y aseguren los elementos que puedan volarse.<\/p>\n","protected":false},"excerpt":{"rendered":"<p>Gran parte del pa\u00eds se encuentra bajo alerta amarilla por altas temperaturas por calor, que llegar\u00e1n hasta los 36 grados de m\u00e1xima, mientras rigen otras advertencias por vientos para el sur del pa\u00eds y por tormentas, acompa\u00f1adas por intensas r\u00e1fagas, actividad el\u00e9ctrica y ocasional ca\u00edda de granizo para Cuyo, inform\u00f3 el Servicio Meteorol\u00f3gico Nacional (SMN) &nbsp; &nbsp; Las provincias Corrientes, Entre R\u00edos, Santiago del Estero, Santa Fe, C\u00f3rdoba, San Luis, Mendoza, Neuqu\u00e9n, La Pampa, provincia y ciudad de Buenos Aires est\u00e1n afectadas por altas temperaturas que pueden generar un efecto&#8230;<\/p>\n","protected":false},"author":3,"featured_media":98262,"comment_status":"closed","ping_status":"closed","sticky":false,"template":"","format":"standard","meta":[],"categories":[2],"tags":[],"_links":{"self":[{"href":"https:\/\/www.actualidadadiario.com\/index.php\/wp-json\/wp\/v2\/posts\/98261"}],"collection":[{"href":"https:\/\/www.actualidadadiario.com\/index.php\/wp-json\/wp\/v2\/posts"}],"about":[{"href":"https:\/\/www.actualidadadiario.com\/index.php\/wp-json\/wp\/v2\/types\/post"}],"author":[{"embeddable":true,"href":"https:\/\/www.actualidadadiario.com\/index.php\/wp-json\/wp\/v2\/users\/3"}],"replies":[{"embeddable":true,"href":"https:\/\/www.actualidadadiario.com\/index.php\/wp-json\/wp\/v2\/comments?post=98261"}],"version-history":[{"count":1,"href":"https:\/\/www.actualidadadiario.com\/index.php\/wp-json\/wp\/v2\/posts\/98261\/revisions"}],"predecessor-version":[{"id":98263,"href":"https:\/\/www.actualidadadiario.com\/index.php\/wp-json\/wp\/v2\/posts\/98261\/revisions\/98263"}],"wp:featuredmedia":[{"embeddable":true,"href":"https:\/\/www.actualidadadiario.com\/index.php\/wp-json\/wp\/v2\/media\/98262"}],"wp:attachment":[{"href":"https:\/\/www.actualidadadiario.com\/index.php\/wp-json\/wp\/v2\/media?parent=98261"}],"wp:term":[{"taxonomy":"category","embeddable":true,"href":"https:\/\/www.actualidadadiario.com\/index.php\/wp-json\/wp\/v2\/categories?post=98261"},{"taxonomy":"post_tag","embeddable":true,"href":"https:\/\/www.actualidadadiario.com\/index.php\/wp-json\/wp\/v2\/tags?post=98261"}],"curies":[{"name":"wp","href":"https:\/\/api.w.org\/{rel}","templated":true}]}}