{"id":98257,"date":"2023-02-28T14:38:18","date_gmt":"2023-02-28T17:38:18","guid":{"rendered":"https:\/\/www.actualidadadiario.com\/?p=98257"},"modified":"2023-02-28T14:38:18","modified_gmt":"2023-02-28T17:38:18","slug":"el-consumo-en-supermercados-cayo-51-de-la-mano-con-los-salarios","status":"publish","type":"post","link":"https:\/\/www.actualidadadiario.com\/index.php\/2023\/02\/28\/el-consumo-en-supermercados-cayo-51-de-la-mano-con-los-salarios\/","title":{"rendered":"El consumo en supermercados cay\u00f3 5,1%, de la mano con los salarios"},"content":{"rendered":"<p style=\"text-align: center;\"><em><strong>El Indec public\u00f3 el dato de diciembre, que mostr\u00f3 una contracci\u00f3n respecto a los niveles de noviembre. El salario registrado mostr\u00f3 una contracci\u00f3n de 1,5% en t\u00e9rminos reales durante el 2022, como explicaci\u00f3n clave para el declive. Sin embargo, el total del a\u00f1o pasado cerr\u00f3 con una mejora de las ventas de supermercados de 1,6%<\/strong><\/em><\/p>\n<p>&nbsp;<\/p>\n<p>&nbsp;<\/p>\n<p>&nbsp;<\/p>\n<p>Diciembre cerr\u00f3 con una ca\u00edda mensual de 5,1% en el consumo en supermercados, dato que remite a la leve contracci\u00f3n de los salarios y tambi\u00e9n a una actividad econ\u00f3mica que entra en zona de preguntas de cara al 2023 electoral. La expectativa era que el mes en el que el Gobierno otorg\u00f3 bonos de fines de a\u00f1o tuviera un repunte pero la primera se\u00f1al fue negativa. Para enero tambi\u00e9n hay proyecciones de deterioro.<\/p>\n<p>La tendencia a la baja en las ventas de los supermercados van de la mano con un salario registrado que cay\u00f3 1,5% en t\u00e9rminos reales a lo largo del a\u00f1o pasado, aunque con los del sector p\u00fablico motorizando v\u00eda paritarias. As\u00ed, los estatales lograron crecer 0,3% real interanual en diciembre, con un salto importante justamente en el \u00faltimo mes del a\u00f1o, de la mano de los acuerdos en mesa de negociaciones. El sector privado, en cambio, vio caer a sus salarios un 2,5% a lo largo del 2022. No es un n\u00famero muy grande, sobre todo al comparar con el deterioro en torno al 20% entre 2015 y 2020, pero s\u00ed se trata de una nueva contracci\u00f3n.<\/p>\n<p>Todas esas estimaciones dejan afuera a lo ocurrido con el salario no registrado, que definitivamente tuvo que haber ido por debajo del IPC. No hay datos definitivos al respecto, ya que los que publica el Indec en realidad traen un rezago de 5 meses, ya que se recolectan con la EPH.<\/p>\n<p>Con todo, Ecolatina estim\u00f3 que el flojo desempe\u00f1o de los salarios no registrados tuvo impacto en los deciles de menores ingresos de la poblaci\u00f3n. En ese sentido, remarc\u00f3: &#8220;Si bien en todos los deciles existi\u00f3 una p\u00e9rdida real del poder adquisitivo, fue muy heterog\u00e9nea a su interior: mientras que la ca\u00edda de los ingresos laborales promedi\u00f3 1,6% en el 50% m\u00e1s rico, fue de 3,7% en la mitad m\u00e1s pobre. Si se compara al decil m\u00e1s pobre (baja de 5,1%) con el m\u00e1s rico (baja de 1,2%), la diferencia observada es a\u00fan m\u00e1s profunda. De esta forma, los sectores de menores ingresos sufrieron un mayor golpe al poder adquisitivo de sus ingresos laborales&#8221;.<\/p>\n<p>El dato de ventas de los supermercados no debe ser tomado como un indicador definitivo del gasto de los hogares sino que se trata de un universo parcial, que permite ir adelantando la din\u00e1mica. Cuentas Nacionales del Indec mostr\u00f3 tres incrementos consecutivos del consumo en los primeros tres trimestres del a\u00f1o pasado. Se registraron subas de 3,2%, de 1,8% y de 1,4%, consecutivamente Es decir: ven\u00eda bien y desacelerando.<\/p>\n<p>Todav\u00eda falta para que se publique el n\u00famero del cuarto trimestre, pero para el indicador de la C\u00e1ma Argentina de Comercios y Servicios (CAC), en ese per\u00edodo se cort\u00f3 la racha y se registr\u00f3 una contracci\u00f3n de 4,5%. Habr\u00e1 que esperar hasta el 22 de marzo para conocer el n\u00famero oficial. Se trata de un dato relevante para una econom\u00eda en la que el crecimiento vino siendo esquivo desde 2011 y reci\u00e9n en 2021-2022 se logr\u00f3 una incipiente racha de alzas en el PBI. Lograr un tercer a\u00f1o al hilo depender\u00e1, con el gasto p\u00fablico en posible ajuste y con exportaciones con el freno de mano puesto por la sequ\u00eda, en buena parte de que el gasto de los hogares contin\u00fae funcionando. Por lo pronto, para la CAC, enero no arranc\u00f3 bien y hubo una nueva baja de 0,3% real.<\/p>\n<p>Con todo, otro dato relevante mostr\u00f3 que, aunque se fue apagando con el transcurso del segundo semestre y el deterioro que fue generando la inflaci\u00f3n, en el total del 2022 las ventas de los supermercados lograron un incremento de 1,6% promedio, en comparaci\u00f3n con las del a\u00f1o anterior.<\/p>\n","protected":false},"excerpt":{"rendered":"<p>El Indec public\u00f3 el dato de diciembre, que mostr\u00f3 una contracci\u00f3n respecto a los niveles de noviembre. El salario registrado mostr\u00f3 una contracci\u00f3n de 1,5% en t\u00e9rminos reales durante el 2022, como explicaci\u00f3n clave para el declive. Sin embargo, el total del a\u00f1o pasado cerr\u00f3 con una mejora de las ventas de supermercados de 1,6% &nbsp; &nbsp; &nbsp; Diciembre cerr\u00f3 con una ca\u00edda mensual de 5,1% en el consumo en supermercados, dato que remite a la leve contracci\u00f3n de los salarios y tambi\u00e9n a una actividad econ\u00f3mica que entra en&#8230;<\/p>\n","protected":false},"author":3,"featured_media":78634,"comment_status":"closed","ping_status":"closed","sticky":false,"template":"","format":"standard","meta":[],"categories":[2],"tags":[],"_links":{"self":[{"href":"https:\/\/www.actualidadadiario.com\/index.php\/wp-json\/wp\/v2\/posts\/98257"}],"collection":[{"href":"https:\/\/www.actualidadadiario.com\/index.php\/wp-json\/wp\/v2\/posts"}],"about":[{"href":"https:\/\/www.actualidadadiario.com\/index.php\/wp-json\/wp\/v2\/types\/post"}],"author":[{"embeddable":true,"href":"https:\/\/www.actualidadadiario.com\/index.php\/wp-json\/wp\/v2\/users\/3"}],"replies":[{"embeddable":true,"href":"https:\/\/www.actualidadadiario.com\/index.php\/wp-json\/wp\/v2\/comments?post=98257"}],"version-history":[{"count":1,"href":"https:\/\/www.actualidadadiario.com\/index.php\/wp-json\/wp\/v2\/posts\/98257\/revisions"}],"predecessor-version":[{"id":98258,"href":"https:\/\/www.actualidadadiario.com\/index.php\/wp-json\/wp\/v2\/posts\/98257\/revisions\/98258"}],"wp:featuredmedia":[{"embeddable":true,"href":"https:\/\/www.actualidadadiario.com\/index.php\/wp-json\/wp\/v2\/media\/78634"}],"wp:attachment":[{"href":"https:\/\/www.actualidadadiario.com\/index.php\/wp-json\/wp\/v2\/media?parent=98257"}],"wp:term":[{"taxonomy":"category","embeddable":true,"href":"https:\/\/www.actualidadadiario.com\/index.php\/wp-json\/wp\/v2\/categories?post=98257"},{"taxonomy":"post_tag","embeddable":true,"href":"https:\/\/www.actualidadadiario.com\/index.php\/wp-json\/wp\/v2\/tags?post=98257"}],"curies":[{"name":"wp","href":"https:\/\/api.w.org\/{rel}","templated":true}]}}