{"id":98255,"date":"2023-02-28T14:37:30","date_gmt":"2023-02-28T17:37:30","guid":{"rendered":"https:\/\/www.actualidadadiario.com\/?p=98255"},"modified":"2023-02-28T14:37:30","modified_gmt":"2023-02-28T17:37:30","slug":"comienza-a-regir-esta-semana-el-reintegro-del-10-para-compras-en-carnicerias-2","status":"publish","type":"post","link":"https:\/\/www.actualidadadiario.com\/index.php\/2023\/02\/28\/comienza-a-regir-esta-semana-el-reintegro-del-10-para-compras-en-carnicerias-2\/","title":{"rendered":"Comienza a regir esta semana el reintegro del 10% para compras en carnicer\u00edas"},"content":{"rendered":"<p style=\"text-align: center;\"><em><strong>El reintegro de 10% para compras en carnicer\u00edas abonadas con tarjetas de d\u00e9bito comenzar\u00e1 a regir el mi\u00e9rcoles y estar\u00e1 vigente hasta fin de a\u00f1o, en el marco del programa Precios Justos Carne puesto en marcha por el Gobierno nacional<\/strong><\/em><\/p>\n<p>&nbsp;<\/p>\n<p>&nbsp;<\/p>\n<p>El reintegro de 10% para compras en carnicer\u00edas abonadas con tarjetas de d\u00e9bito comenzar\u00e1 a regir el mi\u00e9rcoles y estar\u00e1 vigente hasta fin de a\u00f1o, en el marco del programa Precios Justos Carne puesto en marcha por el Gobierno nacional. La medida entrar\u00e1 en vigencia el 1 de marzo y se extender\u00e1 hasta el 31 de diciembre de este a\u00f1o, con el beneficio de 10% de reintegro para los consumidores y un diferimiento por 90 d\u00edas en el pago de obligaciones impositivas a las carnicer\u00edas que se registren para participar del programa.<\/p>\n<p>La Administraci\u00f3n Federal de Ingresos P\u00fablicos (AFIP) reglament\u00f3 esta medida a trav\u00e9s de la resoluci\u00f3n general 5330\/2023 para consumidores finales que realicen compras en carnicer\u00edas con tarjeta de d\u00e9bito, prepagas o similares asociadas a cuentas abiertas en entidades financieras o fintech. El beneficio consiste en un reintegro de 10% del monto de la operaci\u00f3n realizada en establecimientos dedicados a la comercializaci\u00f3n de carne vacuna, con un tope de devoluci\u00f3n de hasta $ 2.000 mensuales. Estar\u00e1 vigente para las transacciones realizadas mediante terminales de pago, as\u00ed como tambi\u00e9n por medio de c\u00f3digos QR.<\/p>\n<p>Las entidades financieras deber\u00e1n acreditar la suma en las cuentas de los consumidores finales a los cuatro d\u00edas de concretada la operaci\u00f3n, y el detalle deber\u00e1 figurar en el resumen de cuenta f\u00edsico o electr\u00f3nico de los clientes, para lo que el organismo cre\u00f3 un nuevo Registro de Carnicer\u00edas.<\/p>\n<p>Los comercios que revistan la categor\u00eda de responsable inscripto o sean monotributistas con hasta tres empleados declarados ser\u00e1n incorporados de manera autom\u00e1tica al r\u00e9gimen de reintegro, precis\u00f3 la AFIP. En tanto, el resto de los contribuyentes deber\u00e1 inscribirse a trav\u00e9s del Sistema Registral del sitio web del organismo, de acuerdo con la normativa. All\u00ed deber\u00e1n seleccionar la opci\u00f3n Registros Especiales, luego Caracter\u00edsticas y Registros Especiales, y seleccionar la caracterizaci\u00f3n Carnicer\u00edas Minoristas &#8211; R\u00e9gimen de reintegro.<\/p>\n<p>Al mismo tiempo y como parte del programa integral de impulso a la producci\u00f3n y consumo de carne vacuna anunciado a mediados de febrero por el Gobierno, la norma otorga a los comercios inscriptos en el r\u00e9gimen tres meses de gracia para el pago del IVA o del componente impositivo del monotributo en los casos en que est\u00e9n adheridos al r\u00e9gimen simplificado.<\/p>\n<p>Los consumidores, por su parte, podr\u00e1n acceder al listado de comercios inscriptos en el sitio web de la AFIP, as\u00ed como el de las entidades financieras y fintech que se incorporen al r\u00e9gimen de reintegros. &#8220;El objetivo de esta medida es estimular la formalizaci\u00f3n de la econom\u00eda y el cumplimiento tributario&#8221;, se\u00f1alaron desde la AFIP.<\/p>\n<p>Esta medida se suma al programa Precios Justos Carne -en reemplazo de Cortes Cuidados- que entr\u00f3 en vigor el 17 de febrero y regir\u00e1 hasta el 31 de marzo con bajas del 30% para siete cortes en grandes cadenas de supermercado. Precios Justos Carne tiene como piso un volumen de 18.000 toneladas mensuales de carne vacuna de novillo para la venta en cadenas de supermercados con los siguientes precios: asado, $1.031 el kilo; la nalga, $1.375; el matambre, $1.310; el vac\u00edo, $1.351; la falda, $675; la paleta, $1.113; y la tapa de asado, $1.035.<\/p>\n<p>Luego, estos cortes provistos mayormente por las empresas nucleadas en el Consorcio de Exportadores de Carne (ABC) tendr\u00e1n una pauta de aumento de 3,2% mensual hasta el 30 de junio. Asimismo, est\u00e1 vigente la promoci\u00f3n de descuentos de 35% los viernes y s\u00e1bados por parte del Banco Naci\u00f3n con sus tarjetas de cr\u00e9dito, d\u00e9bito y su aplicaci\u00f3n MODO, con un tope de reintegro de $3.000.<\/p>\n","protected":false},"excerpt":{"rendered":"<p>El reintegro de 10% para compras en carnicer\u00edas abonadas con tarjetas de d\u00e9bito comenzar\u00e1 a regir el mi\u00e9rcoles y estar\u00e1 vigente hasta fin de a\u00f1o, en el marco del programa Precios Justos Carne puesto en marcha por el Gobierno nacional &nbsp; &nbsp; El reintegro de 10% para compras en carnicer\u00edas abonadas con tarjetas de d\u00e9bito comenzar\u00e1 a regir el mi\u00e9rcoles y estar\u00e1 vigente hasta fin de a\u00f1o, en el marco del programa Precios Justos Carne puesto en marcha por el Gobierno nacional. La medida entrar\u00e1 en vigencia el 1 de&#8230;<\/p>\n","protected":false},"author":3,"featured_media":76863,"comment_status":"closed","ping_status":"closed","sticky":false,"template":"","format":"standard","meta":[],"categories":[2],"tags":[],"_links":{"self":[{"href":"https:\/\/www.actualidadadiario.com\/index.php\/wp-json\/wp\/v2\/posts\/98255"}],"collection":[{"href":"https:\/\/www.actualidadadiario.com\/index.php\/wp-json\/wp\/v2\/posts"}],"about":[{"href":"https:\/\/www.actualidadadiario.com\/index.php\/wp-json\/wp\/v2\/types\/post"}],"author":[{"embeddable":true,"href":"https:\/\/www.actualidadadiario.com\/index.php\/wp-json\/wp\/v2\/users\/3"}],"replies":[{"embeddable":true,"href":"https:\/\/www.actualidadadiario.com\/index.php\/wp-json\/wp\/v2\/comments?post=98255"}],"version-history":[{"count":1,"href":"https:\/\/www.actualidadadiario.com\/index.php\/wp-json\/wp\/v2\/posts\/98255\/revisions"}],"predecessor-version":[{"id":98256,"href":"https:\/\/www.actualidadadiario.com\/index.php\/wp-json\/wp\/v2\/posts\/98255\/revisions\/98256"}],"wp:featuredmedia":[{"embeddable":true,"href":"https:\/\/www.actualidadadiario.com\/index.php\/wp-json\/wp\/v2\/media\/76863"}],"wp:attachment":[{"href":"https:\/\/www.actualidadadiario.com\/index.php\/wp-json\/wp\/v2\/media?parent=98255"}],"wp:term":[{"taxonomy":"category","embeddable":true,"href":"https:\/\/www.actualidadadiario.com\/index.php\/wp-json\/wp\/v2\/categories?post=98255"},{"taxonomy":"post_tag","embeddable":true,"href":"https:\/\/www.actualidadadiario.com\/index.php\/wp-json\/wp\/v2\/tags?post=98255"}],"curies":[{"name":"wp","href":"https:\/\/api.w.org\/{rel}","templated":true}]}}