{"id":98244,"date":"2023-02-27T13:52:38","date_gmt":"2023-02-27T16:52:38","guid":{"rendered":"https:\/\/www.actualidadadiario.com\/?p=98244"},"modified":"2023-02-27T13:52:38","modified_gmt":"2023-02-27T16:52:38","slug":"el-salvador-llegan-los-primeros-reclusos-a-la-nueva-megacarcel-para-pandilleros","status":"publish","type":"post","link":"https:\/\/www.actualidadadiario.com\/index.php\/2023\/02\/27\/el-salvador-llegan-los-primeros-reclusos-a-la-nueva-megacarcel-para-pandilleros\/","title":{"rendered":"El Salvador: llegan los primeros reclusos a la nueva megac\u00e1rcel para pandilleros"},"content":{"rendered":"<p style=\"text-align: center;\"><em><strong>El recinto tiene una capacidad para albergar a hasta 40.000 reos, quienes estar\u00e1n distribuidos en ocho m\u00f3dulos<\/strong><\/em><\/p>\n<p>&nbsp;<\/p>\n<p>&nbsp;<\/p>\n<p>Una nueva prisi\u00f3n inaugurada recientemente en El Salvador para recluir a miles de integrantes de las pandillas criminales en el pa\u00eds, comenz\u00f3 a recibir a sus primeros inquilinos. Fueron trasladados unos 2.000 miembros de esos grupos hasta el recinto penitenciario, anunci\u00f3 el presidente Nayib Bukele.<\/p>\n<p>El Gobierno mantiene vigente desde marzo un estado de emergencia para combatir a las peligrosas maras. Desarroll\u00f3 la operaci\u00f3n de traslado en las primeras horas del viernes, en medio de un gran despliegue de seguridad, que incluy\u00f3 helic\u00f3pteros y decenas de colectivos, inform\u00f3 NA.<\/p>\n<p>\u00abHoy (por el s\u00e1bado) en la madrugada, en un solo operativo, trasladamos a los primeros 2.000 pandilleros al Centro de Confinamiento del Terrorismo (Cecot). Esta ser\u00e1 su nueva casa, donde vivir\u00e1n por d\u00e9cadas, mezclados, sin poder hacerle m\u00e1s da\u00f1o a la poblaci\u00f3n\u00bb, expres\u00f3 Bukele en su cuenta de Twitter.<\/p>\n<p>Los presos recluidos en la nueva prisi\u00f3n, entre los que destacan integrantes de la Mara Salvatrucha (MS-13) y su rival, el Barrio 18, estaban recluidos en la Izalco, a 65 kil\u00f3metros al oeste de la capital. El Cecot est\u00e1 situado en el valle sudeste del volc\u00e1n San Vicente, en una zona rural en el municipio Tecoluca.<\/p>\n<p>El recinto tiene una capacidad para albergar a hasta 40.000 reos, quienes estar\u00e1n distribuidos en ocho m\u00f3dulos. El a\u00f1o pasado se redujeron los homicidios en un 57% y unos 64.000 supuestos pandilleros han sido detenidos durante el estado de emergencia, criticado por organizaciones de derechos humanos.<\/p>\n<p>Bajo el estado de emergencia se han suspendido algunos derechos constitucionales. Los arrestos pueden realizarse sin una orden judicial. El gobierno tiene acceso ilimitado a las comunicaciones privadas y los derechos de los detenidos a un abogado han sido archivados. En 2022 los homicidios cayeron un 57% a 495, desde 1,147 en 2021, seg\u00fan cifras oficiales.<\/p>\n","protected":false},"excerpt":{"rendered":"<p>El recinto tiene una capacidad para albergar a hasta 40.000 reos, quienes estar\u00e1n distribuidos en ocho m\u00f3dulos &nbsp; &nbsp; Una nueva prisi\u00f3n inaugurada recientemente en El Salvador para recluir a miles de integrantes de las pandillas criminales en el pa\u00eds, comenz\u00f3 a recibir a sus primeros inquilinos. Fueron trasladados unos 2.000 miembros de esos grupos hasta el recinto penitenciario, anunci\u00f3 el presidente Nayib Bukele. El Gobierno mantiene vigente desde marzo un estado de emergencia para combatir a las peligrosas maras. Desarroll\u00f3 la operaci\u00f3n de traslado en las primeras horas del&#8230;<\/p>\n","protected":false},"author":3,"featured_media":98245,"comment_status":"closed","ping_status":"closed","sticky":false,"template":"","format":"standard","meta":[],"categories":[4],"tags":[],"_links":{"self":[{"href":"https:\/\/www.actualidadadiario.com\/index.php\/wp-json\/wp\/v2\/posts\/98244"}],"collection":[{"href":"https:\/\/www.actualidadadiario.com\/index.php\/wp-json\/wp\/v2\/posts"}],"about":[{"href":"https:\/\/www.actualidadadiario.com\/index.php\/wp-json\/wp\/v2\/types\/post"}],"author":[{"embeddable":true,"href":"https:\/\/www.actualidadadiario.com\/index.php\/wp-json\/wp\/v2\/users\/3"}],"replies":[{"embeddable":true,"href":"https:\/\/www.actualidadadiario.com\/index.php\/wp-json\/wp\/v2\/comments?post=98244"}],"version-history":[{"count":1,"href":"https:\/\/www.actualidadadiario.com\/index.php\/wp-json\/wp\/v2\/posts\/98244\/revisions"}],"predecessor-version":[{"id":98246,"href":"https:\/\/www.actualidadadiario.com\/index.php\/wp-json\/wp\/v2\/posts\/98244\/revisions\/98246"}],"wp:featuredmedia":[{"embeddable":true,"href":"https:\/\/www.actualidadadiario.com\/index.php\/wp-json\/wp\/v2\/media\/98245"}],"wp:attachment":[{"href":"https:\/\/www.actualidadadiario.com\/index.php\/wp-json\/wp\/v2\/media?parent=98244"}],"wp:term":[{"taxonomy":"category","embeddable":true,"href":"https:\/\/www.actualidadadiario.com\/index.php\/wp-json\/wp\/v2\/categories?post=98244"},{"taxonomy":"post_tag","embeddable":true,"href":"https:\/\/www.actualidadadiario.com\/index.php\/wp-json\/wp\/v2\/tags?post=98244"}],"curies":[{"name":"wp","href":"https:\/\/api.w.org\/{rel}","templated":true}]}}