{"id":98241,"date":"2023-02-27T13:51:55","date_gmt":"2023-02-27T16:51:55","guid":{"rendered":"https:\/\/www.actualidadadiario.com\/?p=98241"},"modified":"2023-02-27T13:51:55","modified_gmt":"2023-02-27T16:51:55","slug":"naufragio-de-migrantes-en-italia-hay-al-menos-62-muertos","status":"publish","type":"post","link":"https:\/\/www.actualidadadiario.com\/index.php\/2023\/02\/27\/naufragio-de-migrantes-en-italia-hay-al-menos-62-muertos\/","title":{"rendered":"Naufragio de migrantes en Italia: hay al menos 62 muertos"},"content":{"rendered":"<p style=\"text-align: center;\"><em><strong>\u00abMientras los servicios de emergencia buscaban en el mar y la costa en un clima tormentoso\u00bb, explic\u00f3 Manuela Curra, funcionaria del gobierno provincial<\/strong><\/em><\/p>\n<p>&nbsp;<\/p>\n<p>&nbsp;<\/p>\n<p>&nbsp;<\/p>\n<p>Al menos 62 personas murieron, incluyendo 14 ni\u00f1os, cuando una embarcaci\u00f3n que transportaba migrantes desde Turqu\u00eda a Europa se estrell\u00f3 cerca de la costa del sur de Italia. El incidente reabri\u00f3 un debate sobre la migraci\u00f3n en Europa e Italia, donde las nuevas y duras leyes del gobierno de derecha para organizaciones ben\u00e9ficas de rescate de inmigrantes han generado cr\u00edticas.<\/p>\n<p>\u00abMientras los servicios de emergencia buscaban en el mar y la costa en un clima tormentoso\u00bb, explic\u00f3 Manuela Curra, funcionaria del gobierno provincial. A\u00f1adi\u00f3 tambi\u00e9n que los sobrevivientes afirmaron que hab\u00eda entre 140 y 150 personas a bordo, lo que sugiere que algunas estar\u00edan desaparecidas.<\/p>\n<p>El barco, que transportaba personas de Afganist\u00e1n, Ir\u00e1n y varios otros pa\u00edses, se hundi\u00f3 por el mar embravecido cerca de la costa este de Calabria. \u00abHab\u00eda zarpado de Izmir, en el oeste de Turqu\u00eda, hace unos cuatro d\u00edas. Fue descubierto a unos 74 kil\u00f3metros de la costa el s\u00e1bado por la noche por un avi\u00f3n operado por la agencia fronteriza de la Uni\u00f3n Europea\u00bb, explic\u00f3 la polic\u00eda italiana.<\/p>\n<p>\u00abSe movilizaron lanchas patrulleras para interceptarlo, pero el mal tiempo los oblig\u00f3 a regresar al puerto\u00bb, dijo la polic\u00eda. Agregaron que las autoridades movilizaron unidades de b\u00fasqueda a lo largo de la costa. Entre los primeros migrantes encontrados en la playa hab\u00eda un beb\u00e9 de unos meses, inform\u00f3 Reuters.<\/p>\n<p>Por su parte, la primera ministra italiana, Giorgia Meloni, expres\u00f3 su \u00abprofundo pesar\u00bb por las muertes. Culp\u00f3 adem\u00e1s a los traficantes de personas que se benefician mientras ofrecen a los inmigrantes \u00abla falsa perspectiva de un viaje seguro\u00bb. \u00abEl Gobierno se compromete a impedir las salidas, y con ellas el desarrollo de estas tragedias, y lo seguir\u00e1 haciendo, en primer lugar, pidiendo la m\u00e1xima colaboraci\u00f3n a los pa\u00edses de salido y de origen\u00bb, dijo.<\/p>\n","protected":false},"excerpt":{"rendered":"<p>\u00abMientras los servicios de emergencia buscaban en el mar y la costa en un clima tormentoso\u00bb, explic\u00f3 Manuela Curra, funcionaria del gobierno provincial &nbsp; &nbsp; &nbsp; Al menos 62 personas murieron, incluyendo 14 ni\u00f1os, cuando una embarcaci\u00f3n que transportaba migrantes desde Turqu\u00eda a Europa se estrell\u00f3 cerca de la costa del sur de Italia. El incidente reabri\u00f3 un debate sobre la migraci\u00f3n en Europa e Italia, donde las nuevas y duras leyes del gobierno de derecha para organizaciones ben\u00e9ficas de rescate de inmigrantes han generado cr\u00edticas. \u00abMientras los servicios de&#8230;<\/p>\n","protected":false},"author":3,"featured_media":98242,"comment_status":"closed","ping_status":"closed","sticky":false,"template":"","format":"standard","meta":[],"categories":[4],"tags":[],"_links":{"self":[{"href":"https:\/\/www.actualidadadiario.com\/index.php\/wp-json\/wp\/v2\/posts\/98241"}],"collection":[{"href":"https:\/\/www.actualidadadiario.com\/index.php\/wp-json\/wp\/v2\/posts"}],"about":[{"href":"https:\/\/www.actualidadadiario.com\/index.php\/wp-json\/wp\/v2\/types\/post"}],"author":[{"embeddable":true,"href":"https:\/\/www.actualidadadiario.com\/index.php\/wp-json\/wp\/v2\/users\/3"}],"replies":[{"embeddable":true,"href":"https:\/\/www.actualidadadiario.com\/index.php\/wp-json\/wp\/v2\/comments?post=98241"}],"version-history":[{"count":1,"href":"https:\/\/www.actualidadadiario.com\/index.php\/wp-json\/wp\/v2\/posts\/98241\/revisions"}],"predecessor-version":[{"id":98243,"href":"https:\/\/www.actualidadadiario.com\/index.php\/wp-json\/wp\/v2\/posts\/98241\/revisions\/98243"}],"wp:featuredmedia":[{"embeddable":true,"href":"https:\/\/www.actualidadadiario.com\/index.php\/wp-json\/wp\/v2\/media\/98242"}],"wp:attachment":[{"href":"https:\/\/www.actualidadadiario.com\/index.php\/wp-json\/wp\/v2\/media?parent=98241"}],"wp:term":[{"taxonomy":"category","embeddable":true,"href":"https:\/\/www.actualidadadiario.com\/index.php\/wp-json\/wp\/v2\/categories?post=98241"},{"taxonomy":"post_tag","embeddable":true,"href":"https:\/\/www.actualidadadiario.com\/index.php\/wp-json\/wp\/v2\/tags?post=98241"}],"curies":[{"name":"wp","href":"https:\/\/api.w.org\/{rel}","templated":true}]}}