{"id":98233,"date":"2023-02-27T13:49:46","date_gmt":"2023-02-27T16:49:46","guid":{"rendered":"https:\/\/www.actualidadadiario.com\/?p=98233"},"modified":"2023-02-27T13:49:46","modified_gmt":"2023-02-27T16:49:46","slug":"juran-los-senadores-en-el-consejo-de-la-magistratura","status":"publish","type":"post","link":"https:\/\/www.actualidadadiario.com\/index.php\/2023\/02\/27\/juran-los-senadores-en-el-consejo-de-la-magistratura\/","title":{"rendered":"Juran los senadores en el Consejo de la Magistratura"},"content":{"rendered":"<p style=\"text-align: center;\"><em><strong>La Corte Suprema de Justicia tomar\u00e1 juramento a tres de los cuatro senadores con mandato en el Consejo, en un acto que estar\u00e1 encabezado por el presidente del alto tribunal, Horacio Rosatti<\/strong><\/em><\/p>\n<p>&nbsp;<\/p>\n<p>&nbsp;<\/p>\n<p>La Corte Suprema tomar\u00e1 juramento este martes a tres senadores en el Consejo de la Magistratura, dejando afuera al senador del Frente de Todos (FdT) Mart\u00edn Do\u00f1ate, y abriendo una inc\u00f3gnita en los plazos para la conformaci\u00f3n definitiva del organismo que elige y remueve jueces.<\/p>\n<p>El jueves 16, invocando que la ley &#8220;pone en cabeza del se\u00f1or Presidente de esta Corte (Horacio Rosatti) recibir el juramento de ley&#8221;, el tribunal dispuso tomar juramento a los senadores oficialistas Mar\u00eda In\u00e9s Pilatti Vergara y Mariano Recalde y al opositor Eduardo Vischi, denegando el juramento a Do\u00f1ate.<\/p>\n<p>&#8220;El decisorio de la Corte es demencial. Reconoce la representaci\u00f3n del bloque Frente Nacional y Popular al disponer la toma de juramento a sus representantes Recalde y Pilatti Vergara, pero me niega el juramento como representante del otro bloque Unidad Ciudadana&#8221;, juzg\u00f3 Do\u00f1ate poco despu\u00e9s de conocida la convocatoria.<\/p>\n<p>El senador por R\u00edo Negro fue definitivo cuando dijo, a trav\u00e9s de Twitter, que la Corte &#8220;pretende arrogarse la decisi\u00f3n institucional de otro poder del Estado, violentando la Rep\u00fablica y profundizando la impunidad con la que vienen desbarrancando&#8221;.<\/p>\n<p>Do\u00f1ate se refiri\u00f3 as\u00ed a que fue elegido por el Senado, para integrar el grupo de cuatro representantes en el Consejo de la Magistratura, no una sino dos veces pero a\u00fan as\u00ed la Corte le niega el juramento.<\/p>\n<p>El fundamento de la Corte para negarle el juramento fue su fallo de noviembre pasado que defini\u00f3 que la creaci\u00f3n del bloque Unidad Ciudadana &#8220;no obedeci\u00f3 a fines genuinos sino al objetivo de una fuerza pol\u00edtica de ocupar en el Consejo un lugar que no le corresponde&#8221;.<\/p>\n<p>Para el alto tribunal, una de las razones para negarle la banca al rionegrino es que el &#8220;bloque mayoritario&#8221; terminar\u00eda ocupando &#8220;tres de los cuatro lugares&#8221; que corresponden a la C\u00e1mara Alta en el Consejo.<\/p>\n<p>Seg\u00fan se inform\u00f3 desde la Corte, el acto del martes pr\u00f3ximo, ser\u00e1 a las 10, tendr\u00e1 car\u00e1cter institucional y consistir\u00e1 simplemente en el juramento de los tres senadores de acuerdo a sus creencias, sin discursos ni otras instancias.<\/p>\n<p>Para ello, como en las juras anteriores, la Corte dispuso el sal\u00f3n Bermejo del Palacio de Justicia.<\/p>\n<p>Tambi\u00e9n como en los anteriores actos de jura de abogados, jueces, acad\u00e9micos y legisladores, no se prev\u00e9 el acceso libre del p\u00fablico ni de la prensa, y el acto se desarrollar\u00e1 con los invitados que disponga el supremo tribunal y los familiares de los senadores que har\u00e1n el juramento.<\/p>\n<p>&nbsp;<\/p>\n<p><strong>Conflicto por la representaci\u00f3n <\/strong><\/p>\n<p>El conflicto por la representaci\u00f3n en el Consejo de la Magistratura fue precisamente uno de los causales por los cuales el presidente, Alberto Fern\u00e1ndez, y doce gobernadores promovieron el juicio pol\u00edtico a los integrantes de la Corte Suprema que se tramita en Diputados.<\/p>\n<p>Fern\u00e1ndez y los mandatario denunciaron a principios de a\u00f1o un &#8220;asalto al Consejo de la Magistratura&#8221; por parte de los magistrados, mientras criticaron duramente que Rosatti se constituya en presidente del alto tribunal y tambi\u00e9n del Consejo.<\/p>\n<p>&#8220;La Corte avanz\u00f3 indebidamente sobre la autonom\u00eda de la Honorable C\u00e1mara de Senadores, al determinar de forma arbitraria y autoritaria c\u00f3mo deb\u00edan organizarse los bloques en dicha C\u00e1mara. Ello implica una clara violaci\u00f3n constitucional a la autonom\u00eda del Senado de la Naci\u00f3n y a su reglamento, el que goza de raigambre constitucional&#8221;, indicaron.<\/p>\n<p>El conflicto de poderes se inici\u00f3 a principios de 2022 cuando por unanimidad la Corte declar\u00f3 inconstitucional la Ley 26.080 del a\u00f1o 2006, que hab\u00eda reducido de veinte a trece miembros el n\u00famero de integrantes del Consejo.<\/p>\n<p>Quince a\u00f1os despu\u00e9s de sancionada la ley, la Corte interven\u00eda en un reclamo de inconstitucionalidad interpuesto por el Colegio de Abogados de la Ciudad de Buenos Aires, desde donde planteaban que la reforma no respetaba el &#8220;equilibrio&#8221; de los distintos estamentos.<\/p>\n","protected":false},"excerpt":{"rendered":"<p>La Corte Suprema de Justicia tomar\u00e1 juramento a tres de los cuatro senadores con mandato en el Consejo, en un acto que estar\u00e1 encabezado por el presidente del alto tribunal, Horacio Rosatti &nbsp; &nbsp; La Corte Suprema tomar\u00e1 juramento este martes a tres senadores en el Consejo de la Magistratura, dejando afuera al senador del Frente de Todos (FdT) Mart\u00edn Do\u00f1ate, y abriendo una inc\u00f3gnita en los plazos para la conformaci\u00f3n definitiva del organismo que elige y remueve jueces. El jueves 16, invocando que la ley &#8220;pone en cabeza del&#8230;<\/p>\n","protected":false},"author":3,"featured_media":84304,"comment_status":"closed","ping_status":"closed","sticky":false,"template":"","format":"standard","meta":[],"categories":[18],"tags":[],"_links":{"self":[{"href":"https:\/\/www.actualidadadiario.com\/index.php\/wp-json\/wp\/v2\/posts\/98233"}],"collection":[{"href":"https:\/\/www.actualidadadiario.com\/index.php\/wp-json\/wp\/v2\/posts"}],"about":[{"href":"https:\/\/www.actualidadadiario.com\/index.php\/wp-json\/wp\/v2\/types\/post"}],"author":[{"embeddable":true,"href":"https:\/\/www.actualidadadiario.com\/index.php\/wp-json\/wp\/v2\/users\/3"}],"replies":[{"embeddable":true,"href":"https:\/\/www.actualidadadiario.com\/index.php\/wp-json\/wp\/v2\/comments?post=98233"}],"version-history":[{"count":1,"href":"https:\/\/www.actualidadadiario.com\/index.php\/wp-json\/wp\/v2\/posts\/98233\/revisions"}],"predecessor-version":[{"id":98234,"href":"https:\/\/www.actualidadadiario.com\/index.php\/wp-json\/wp\/v2\/posts\/98233\/revisions\/98234"}],"wp:featuredmedia":[{"embeddable":true,"href":"https:\/\/www.actualidadadiario.com\/index.php\/wp-json\/wp\/v2\/media\/84304"}],"wp:attachment":[{"href":"https:\/\/www.actualidadadiario.com\/index.php\/wp-json\/wp\/v2\/media?parent=98233"}],"wp:term":[{"taxonomy":"category","embeddable":true,"href":"https:\/\/www.actualidadadiario.com\/index.php\/wp-json\/wp\/v2\/categories?post=98233"},{"taxonomy":"post_tag","embeddable":true,"href":"https:\/\/www.actualidadadiario.com\/index.php\/wp-json\/wp\/v2\/tags?post=98233"}],"curies":[{"name":"wp","href":"https:\/\/api.w.org\/{rel}","templated":true}]}}