{"id":98231,"date":"2023-02-27T13:49:04","date_gmt":"2023-02-27T16:49:04","guid":{"rendered":"https:\/\/www.actualidadadiario.com\/?p=98231"},"modified":"2023-02-27T13:49:04","modified_gmt":"2023-02-27T16:49:04","slug":"apertura-de-sesiones-alberto-defendera-su-gestion-y-esta-en-duda-la-presencia-de-la-corte","status":"publish","type":"post","link":"https:\/\/www.actualidadadiario.com\/index.php\/2023\/02\/27\/apertura-de-sesiones-alberto-defendera-su-gestion-y-esta-en-duda-la-presencia-de-la-corte\/","title":{"rendered":"Apertura de sesiones: Alberto defender\u00e1 su gesti\u00f3n y est\u00e1 en duda la presencia de la Corte"},"content":{"rendered":"<p style=\"text-align: center;\"><em><strong>El mi\u00e9rcoles 1 de marzo comienza el a\u00f1o legislativo. Los reacomodamientos que hubo en el oficialismo. La estrategia que seguir\u00e1 JxC. El trasfondo del a\u00f1o electoral y las internas<\/strong><\/em><\/p>\n<p>&nbsp;<\/p>\n<p>&nbsp;<\/p>\n<p>&nbsp;<\/p>\n<p>El mi\u00e9rcoles 1 de marzo el presidente Alberto Fern\u00e1ndez llegar\u00e1 por cuarta vez al Congreso Nacional para inaugurar un nuevo periodo de sesiones ordinarias. En los despachos del oficialismo en el Congreso circula que el mandatario, que se presentar\u00e1 ante diputados y senadores, prepara un discurso de defensa de la gesti\u00f3n de su gobierno, acorde\u00a0 con su aspiraci\u00f3n de buscar la reelecci\u00f3n.<\/p>\n<p>Alberto se volver\u00e1 a reencontrar p\u00fablicamente con la vicepresidenta Cristina Fern\u00e1ndez. La foto del Parlamento ser\u00e1 distinta este a\u00f1o. Dentro del oficialismo a\u00fan se discute qui\u00e9nes ser\u00e1n los candidatos y c\u00f3mo ser\u00e1 la disputa electoral interna. Est\u00e1n los legisladores kirchneristas que iniciaron un operativo clamor para que la titular del Senado se presente como candidata, tras la condena que desde ese espacio consideran que la proscribi\u00f3.<\/p>\n<p>Por otro lado debutar\u00e1 un nuevo bloque en el Senado: Unidad Federal. Est\u00e1 conformado por cuatro senadores descontentos con la gesti\u00f3n nacional que dejaron las filas del bloque del Frente de Todos y se acercaron al schiarettismo. Son: el juje\u00f1o Guillermo Snopek, el entrerriano Edgardo Kueider, el correntino Carlos \u00abCamau\u00bb Esp\u00ednola, la puntana Mar\u00eda Eugenia Catalfamo y la cordobesa Alejandra Vigo, que ya contaba con un monobloque que responde al gobernador de su provincia, Juan Schiaretti.<\/p>\n<p>El eje que seg\u00fan estos senadores le reclaman al Ejecutivo es avanzar con \u00abuna agenda federal\u00bb, con inequidades como el valor de la tarifa el\u00e9ctrica, el transporte o el combustible. Con este movimiento, el FdT se redujo de 35 senadores a 31, por lo que estar\u00e1 obligado a negociar con el nuevo bloque para garantizar el qu\u00f3rum y la aprobaci\u00f3n de las leyes. Juntos por el Cambio ser\u00e1 la primera minor\u00eda con 33 representantes por lo que al oficialismo no le alcanzar\u00e1 s\u00f3lo con consensuar con los monobloques aliados de siempre: Alberto Weretilneck (R\u00edo Negro), Clara Vigo (La Rioja) y Magdalena Solari Quintana (Misiones).<\/p>\n<p>En Diputados tambi\u00e9n hubo reposicionamientos pero sin rupturas. Fue tras el lanzamiento del frente La Patria de lxs Comunes, que nuclea a las organizaciones sociales pertenecientes al Movimiento Evita y Barrios de Pie. Encabezados por Emilio P\u00e9rsico, Daniel Men\u00e9ndez y Juan Manuel Abal Medina, en el flamante espacio aseguran que el FdT no se rompe sino que se multiplica. Los diputados que responden al sector, como Natalia Souto, Leonardo Grosso o Eduardo Toniolli, aseguran que no se ir\u00e1n del bloque que lidera el rosarino Germ\u00e1n Mart\u00ednez.<\/p>\n<p>En cuanto a Juntos por el Cambio, en ambas c\u00e1maras insistir\u00e1n en sus cr\u00edticas a la administraci\u00f3n de Fern\u00e1ndez, reforzar\u00e1n su alineamiento con los miembros de la Corte Suprema, cuyo accionar est\u00e1 siendo investigadas por la Comisi\u00f3n de Juicio Pol\u00edtico. Esta fue la excusa de JxC para paralizar y frustrar que se realizar\u00e1n sesiones extraordinarias y se tratar\u00e1 un ambicioso temario propuesto por el presidente.<\/p>\n<p>Con el salto de legisladores de un espacio a otro en el Senado la posibilidad tambi\u00e9n qued\u00f3 clausurada, pese a que pudo haber sesionado para sancionar la Ley Lucio o la de alcohol cero al volantes.<\/p>\n<p>El oficialismo en Diputados tiene todav\u00eda una \u00faltima chance, el martes 28, con la convocatoria a sesi\u00f3n. Sin embargo la duda sobre si tendr\u00e1 el n\u00famero necesario para tratar el Plan de Moratoria Previsional y recetas cl\u00ednicas digitales sigue vigente.<\/p>\n<p>Por otro lado, entre los invitados que suelen concurrir todos los primeros de marzo a escuchar la ruta legislativa que marca el presidente, con la Comisi\u00f3n de Juicio Pol\u00edtico en marcha, se plantea la inc\u00f3gnita sobre si los miembros de la CSJ estar\u00e1n presentes o no en el recinto durante la Asamblea Legislativa. La postura que adopten Horacio Rosatti, Carlos Rosenkrantz, Ricardo Lorenzetti y Juan Carlos Maqueda marcar\u00e1 tambi\u00e9n el grado de confrontaci\u00f3n entre ambos sectores.<\/p>\n<p>El mi\u00e9rcoles, la apertura de sesiones ser\u00e1 a las 11 y como es habitual se desarrollar\u00e1 en el recinto de Diputados donde el jefe de Estado estar\u00e1 acompa\u00f1ado por las autoridades de ambas c\u00e1maras, Cecilia Moreau, por Diputados, y Cristina Kirchner, por el Senado.<\/p>\n<p>De la apertura de sesiones\u00a0 legislativas participar\u00e1n ministros, gobernadores, embajadores, representantes de distintos cleros, l\u00edderes sindicales, integrantes de organizaciones de Derechos Humanos, entre otros invitados.<\/p>\n<p>La concurrencia del mandatario se da como todos los a\u00f1os en el marco de lo establecido por el inciso 8 del art\u00edculo 99 de la Constituci\u00f3n Nacional, donde se indica que la cabeza del Poder Ejecutivo \u00abhace anualmente la apertura de las sesiones del Congreso, reunidas al efecto ambas C\u00e1maras, dando cuenta en esta ocasi\u00f3n del estado de la Naci\u00f3n, de las reformas prometidas por la Constituci\u00f3n, y recomendando a su consideraci\u00f3n las medidas que juzgue necesarias y convenientes\u00bb.<\/p>\n","protected":false},"excerpt":{"rendered":"<p>El mi\u00e9rcoles 1 de marzo comienza el a\u00f1o legislativo. Los reacomodamientos que hubo en el oficialismo. La estrategia que seguir\u00e1 JxC. El trasfondo del a\u00f1o electoral y las internas &nbsp; &nbsp; &nbsp; El mi\u00e9rcoles 1 de marzo el presidente Alberto Fern\u00e1ndez llegar\u00e1 por cuarta vez al Congreso Nacional para inaugurar un nuevo periodo de sesiones ordinarias. En los despachos del oficialismo en el Congreso circula que el mandatario, que se presentar\u00e1 ante diputados y senadores, prepara un discurso de defensa de la gesti\u00f3n de su gobierno, acorde\u00a0 con su aspiraci\u00f3n&#8230;<\/p>\n","protected":false},"author":3,"featured_media":96575,"comment_status":"closed","ping_status":"closed","sticky":false,"template":"","format":"standard","meta":[],"categories":[18],"tags":[],"_links":{"self":[{"href":"https:\/\/www.actualidadadiario.com\/index.php\/wp-json\/wp\/v2\/posts\/98231"}],"collection":[{"href":"https:\/\/www.actualidadadiario.com\/index.php\/wp-json\/wp\/v2\/posts"}],"about":[{"href":"https:\/\/www.actualidadadiario.com\/index.php\/wp-json\/wp\/v2\/types\/post"}],"author":[{"embeddable":true,"href":"https:\/\/www.actualidadadiario.com\/index.php\/wp-json\/wp\/v2\/users\/3"}],"replies":[{"embeddable":true,"href":"https:\/\/www.actualidadadiario.com\/index.php\/wp-json\/wp\/v2\/comments?post=98231"}],"version-history":[{"count":1,"href":"https:\/\/www.actualidadadiario.com\/index.php\/wp-json\/wp\/v2\/posts\/98231\/revisions"}],"predecessor-version":[{"id":98232,"href":"https:\/\/www.actualidadadiario.com\/index.php\/wp-json\/wp\/v2\/posts\/98231\/revisions\/98232"}],"wp:featuredmedia":[{"embeddable":true,"href":"https:\/\/www.actualidadadiario.com\/index.php\/wp-json\/wp\/v2\/media\/96575"}],"wp:attachment":[{"href":"https:\/\/www.actualidadadiario.com\/index.php\/wp-json\/wp\/v2\/media?parent=98231"}],"wp:term":[{"taxonomy":"category","embeddable":true,"href":"https:\/\/www.actualidadadiario.com\/index.php\/wp-json\/wp\/v2\/categories?post=98231"},{"taxonomy":"post_tag","embeddable":true,"href":"https:\/\/www.actualidadadiario.com\/index.php\/wp-json\/wp\/v2\/tags?post=98231"}],"curies":[{"name":"wp","href":"https:\/\/api.w.org\/{rel}","templated":true}]}}