{"id":98228,"date":"2023-02-27T13:48:14","date_gmt":"2023-02-27T16:48:14","guid":{"rendered":"https:\/\/www.actualidadadiario.com\/?p=98228"},"modified":"2023-02-27T13:48:14","modified_gmt":"2023-02-27T16:48:14","slug":"asamblea-legislativa-14-gobernadores-abren-sesiones-al-igual-que-el-congreso-nacional","status":"publish","type":"post","link":"https:\/\/www.actualidadadiario.com\/index.php\/2023\/02\/27\/asamblea-legislativa-14-gobernadores-abren-sesiones-al-igual-que-el-congreso-nacional\/","title":{"rendered":"Asamblea Legislativa: 14 gobernadores abren sesiones al igual que el Congreso Nacional"},"content":{"rendered":"<p style=\"text-align: center;\"><em><strong>En coincidencia con el inicio del 141 ciclo parlamentario que a nivel nacional inaugurar\u00e1 el presidente Alberto Fern\u00e1ndez a mediod\u00eda en el Congreso, este 1 de marzo tambi\u00e9n tendr\u00e1n sus actos de apertura la Ciudad y otras 13 provincias<\/strong><\/em><\/p>\n<p>&nbsp;<\/p>\n<p>&nbsp;<\/p>\n<p>Los gobernadores de trece provincias y el jefe de Gobierno de la ciudad aut\u00f3noma de Buenos Aires abrir\u00e1n este mi\u00e9rcoles con sus informes anuales los nuevos per\u00edodos de sesiones ordinarias de sus respectivas legislaturas que se extender\u00e1n, en principio, hasta el 30 de noviembre.<\/p>\n<p>En coincidencia con el inicio del 141 ciclo parlamentario que a nivel nacional inaugurar\u00e1 el presidente Alberto Fern\u00e1ndez a mediod\u00eda en el Congreso, este 1 de marzo tambi\u00e9n tendr\u00e1n sus actos de apertura la ciudad y la provincia de Buenos Aires, Chaco, Chubut, Corrientes, Formosa, La Pampa, La Rioja, Neuqu\u00e9n, R\u00edo Negro, Salta, Santa Cruz, Tierra del Fuego y Tucum\u00e1n.<\/p>\n<p>En este a\u00f1o electoral, en el que varios gobernadores buscar\u00e1n su reelecci\u00f3n, los discursos ante las asambleas legislativas tendr\u00e1n un fuerte contenido pol\u00edtico con \u00e9nfasis en su relaci\u00f3n con el gobierno nacional, la econom\u00eda y proyectos de desarrollo, seg\u00fan fuentes gubernamentales.<\/p>\n<p>En ese marco, en Buenos Aires el gobernador Axel Kicillof encabezar\u00e1 a las 18 el acto para dar inicio al 151 periodo de sesiones en la amplia sede de la C\u00e1mara de Diputados de la avenida 53, donde, seg\u00fan voceros oficiales, se esperan anuncios de obras, un repaso a su gesti\u00f3n con eje en &#8220;el derecho al futuro&#8221; para los ciudadanos de la provincia.<\/p>\n<p>En la ciudad de Buenos Aires, el jefe de Gobierno Horacio Rodr\u00edguez Larreta -quien esta semana confirm\u00f3 sus aspiraciones como precandidato presidencial- hablar\u00e1 ante la Legislatura porte\u00f1a alrededor de las 8.30 para inaugurar el 26 per\u00edodo de sesiones.<\/p>\n<p>En Chaco, fiel a su costumbre de madrugador, el gobernador Jorge Capitanich abrir\u00e1 a las 8 la edici\u00f3n 55 de las sesiones de la Legislatura unicameral con un amplio abanico de proyectos productivos en marcha y a largo plazo, dado que se postular\u00e1 para su reelecci\u00f3n en los comicios de septiembre.<\/p>\n<p>El gobernador de Chubut, Mariano Arcioni, dejar\u00e1 inaugurado el 51 per\u00edodo de sesiones ordinarias de la unicameral a las 13 del mi\u00e9rcoles en el edificio ubicado en el centro c\u00edvico de Rawson.<\/p>\n<p>En di\u00e1logo informal, el gobernador adelant\u00f3: &#8220;Como en todos los discursos de este tipo se repasar\u00e1 lo que se hizo y lo proyectado para este a\u00f1o, pero reconozco que le pondr\u00e9 un tono especial porque ser\u00e1 el \u00faltimo discurso inaugural de mi gesti\u00f3n&#8221;.<\/p>\n<p>En Corrientes, que este a\u00f1o no tendr\u00e1 elecciones provinciales, el gobernador Gustavo Vald\u00e9s abrir\u00e1 el nuevo per\u00edodo parlamentario el mi\u00e9rcoles a las 9.30 en el palacio de la calle Salta con un mensaje a los 30 diputados y 15 senadores, en la sexta participaci\u00f3n del mandatario radical en la Asamblea Legislativa, en la mitad de su segundo mandato.<\/p>\n<p>La Legislatura de Formosa recibir\u00e1 el mi\u00e9rcoles a las 9 el mensaje del gobernador Gildo Insfr\u00e1n, quien cumplir\u00e1 28 a\u00f1os en el Poder Ejecutivo, para dar inicio al 50 per\u00edodo de sesiones de la unicameral de la provincia.<\/p>\n<p>En La Pampa, el gobernador Sergio Ziliotto -quien buscar\u00e1 su reelecci\u00f3n en mayo- abrir\u00e1 el 54 per\u00edodo de sesiones de la Legislatura unicameral a las 18 del 1ero de marzo, mientras en La Rioja, donde en diciembre los diputados aprobaron un proyecto oficial para impulsar la reforma parcial de la Constituci\u00f3n provincial, el mandatario y postulante a renovar mandato Ricardo Quintela inaugurar\u00e1 a las 19:30 el 138 ciclo legislativo.<\/p>\n<p>El gobernador de Neuqu\u00e9n, Omar Guti\u00e9rrez, brindar\u00e1 su discurso de apertura del 52 per\u00edodo de sesiones legislativas el mi\u00e9rcoles a las 9 y, seg\u00fan fuentes oficiales, se espera que realice un repaso de su segunda gesti\u00f3n que culminar\u00e1 en diciembre de este a\u00f1o, y presente diez proyectos de ley, entre los que se destaca uno que propondr\u00e1 cobrar un &#8220;peaje&#8221; a las empresas petroleras para que colaboren con el mantenimiento de las rutas del yacimiento Vaca Muerta.<\/p>\n<p>En R\u00edo Negro voceros de la Legislatura indicaron que el inicio de la 52 periodo de sesiones ser\u00e1 el mi\u00e9rcoles a las 9 con un discurso de la gobernadora Arabela Carreras.<\/p>\n<p>Salta tendr\u00e1 por segundo a\u00f1o consecutivo apertura de sesiones un primero de marzo, seg\u00fan lo dispuesto por la reforma constitucional de 2021, y fuentes oficiales aseguraron que la Asamblea Legislativa bicameral para la apertura del 125 per\u00edodo ordinario comenzar\u00e1 a las 10, con el discurso anual del gobernador Gustavo S\u00e1enz sobre el estado general de la provincia.<\/p>\n<p>En Santa Cruz, fuentes parlamentarias se\u00f1alaron que nuevamente este a\u00f1o la Legislatura unicameral se trasladar\u00e1 al club Boca Unidos de R\u00edo Gallegos para recibir a las 10.30 el mensaje de la gobernadora Alicia Kirchner para la apertura del 50\u00b0 per\u00edodo de sesiones ordinarias<\/p>\n<p>En Tierra del Fuego, el gobernador Gustavo Melella abrir\u00e1 el mi\u00e9rcoles a las 10 el cuadrag\u00e9simo per\u00edodo de sesiones ordinarias de la Legislatura unicameral de la provincia que tiene jurisdicci\u00f3n sobre las islas Malvinas y la Ant\u00e1rtida.<\/p>\n<p>En Tucum\u00e1n, con el regreso de Juan Luis Manzur a sus funciones como gobernador tras pasar dos a\u00f1os como jefe de Gabinete en la Casa Rosada, la apertura de sesiones para el per\u00edodo 118 se realizar\u00e1 a las 9:30 del mi\u00e9rcoles.<\/p>\n<p>Este ser\u00e1 la \u00faltima presentaci\u00f3n de Manzur como gobernador ante la Legislatura bicameral dado que termina su mandato, aunque se presentar\u00e1 en las elecciones de mayo como candidato a vicegobernador con Osvaldo Jaldo como cabeza de lista.<\/p>\n<p>El cronograma anual de sesiones ordinarias lo iniciaron en febrero las legislaturas de C\u00f3rdoba, Santiago del Estero y Entre R\u00edos y posteriormente continuar\u00e1 en abril con las unicamerales de Jujuy y San Juan y la bicameral de San Luis para concluir en mayo con la apertura de la actividad parlamentaria en Catamarca, Mendoza, Misiones y Santa Fe.<\/p>\n","protected":false},"excerpt":{"rendered":"<p>En coincidencia con el inicio del 141 ciclo parlamentario que a nivel nacional inaugurar\u00e1 el presidente Alberto Fern\u00e1ndez a mediod\u00eda en el Congreso, este 1 de marzo tambi\u00e9n tendr\u00e1n sus actos de apertura la Ciudad y otras 13 provincias &nbsp; &nbsp; Los gobernadores de trece provincias y el jefe de Gobierno de la ciudad aut\u00f3noma de Buenos Aires abrir\u00e1n este mi\u00e9rcoles con sus informes anuales los nuevos per\u00edodos de sesiones ordinarias de sus respectivas legislaturas que se extender\u00e1n, en principio, hasta el 30 de noviembre. En coincidencia con el inicio&#8230;<\/p>\n","protected":false},"author":3,"featured_media":98229,"comment_status":"closed","ping_status":"closed","sticky":false,"template":"","format":"standard","meta":[],"categories":[18],"tags":[],"_links":{"self":[{"href":"https:\/\/www.actualidadadiario.com\/index.php\/wp-json\/wp\/v2\/posts\/98228"}],"collection":[{"href":"https:\/\/www.actualidadadiario.com\/index.php\/wp-json\/wp\/v2\/posts"}],"about":[{"href":"https:\/\/www.actualidadadiario.com\/index.php\/wp-json\/wp\/v2\/types\/post"}],"author":[{"embeddable":true,"href":"https:\/\/www.actualidadadiario.com\/index.php\/wp-json\/wp\/v2\/users\/3"}],"replies":[{"embeddable":true,"href":"https:\/\/www.actualidadadiario.com\/index.php\/wp-json\/wp\/v2\/comments?post=98228"}],"version-history":[{"count":1,"href":"https:\/\/www.actualidadadiario.com\/index.php\/wp-json\/wp\/v2\/posts\/98228\/revisions"}],"predecessor-version":[{"id":98230,"href":"https:\/\/www.actualidadadiario.com\/index.php\/wp-json\/wp\/v2\/posts\/98228\/revisions\/98230"}],"wp:featuredmedia":[{"embeddable":true,"href":"https:\/\/www.actualidadadiario.com\/index.php\/wp-json\/wp\/v2\/media\/98229"}],"wp:attachment":[{"href":"https:\/\/www.actualidadadiario.com\/index.php\/wp-json\/wp\/v2\/media?parent=98228"}],"wp:term":[{"taxonomy":"category","embeddable":true,"href":"https:\/\/www.actualidadadiario.com\/index.php\/wp-json\/wp\/v2\/categories?post=98228"},{"taxonomy":"post_tag","embeddable":true,"href":"https:\/\/www.actualidadadiario.com\/index.php\/wp-json\/wp\/v2\/tags?post=98228"}],"curies":[{"name":"wp","href":"https:\/\/api.w.org\/{rel}","templated":true}]}}