{"id":98222,"date":"2023-02-27T13:46:27","date_gmt":"2023-02-27T16:46:27","guid":{"rendered":"https:\/\/www.actualidadadiario.com\/?p=98222"},"modified":"2023-02-27T13:46:27","modified_gmt":"2023-02-27T16:46:27","slug":"juicio-a-la-corte-suprema-gaillard-aclaro-que-jueces-y-fiscales-estan-obligados-a-comparecer-ante-el-congreso","status":"publish","type":"post","link":"https:\/\/www.actualidadadiario.com\/index.php\/2023\/02\/27\/juicio-a-la-corte-suprema-gaillard-aclaro-que-jueces-y-fiscales-estan-obligados-a-comparecer-ante-el-congreso\/","title":{"rendered":"Juicio a la Corte Suprema: Gaillard aclar\u00f3 que jueces y fiscales est\u00e1n obligados a comparecer ante el Congreso"},"content":{"rendered":"<p style=\"text-align: center;\"><em><strong>La presidenta de la Comisi\u00f3n de Juicio Pol\u00edtico de la C\u00e1mara de Diputados explic\u00f3 que los funcionarios judiciales deben presentarse ante ese organismo a dar testimonio. Advirti\u00f3 por consecuencias penales<\/strong><\/em><\/p>\n<p>&nbsp;<\/p>\n<p>&nbsp;<\/p>\n<p>La presidenta de la Comisi\u00f3n de Juicio Pol\u00edtico de la C\u00e1mara de Diputados, Carolina Gaillard (Frente de Todos), afirm\u00f3 este domingo que los jueces y fiscales est\u00e1n &#8220;obligados a comparecer&#8221; para &#8220;dar su testimonio&#8221; ante ese cuerpo cuando son citados, como en el caso del proceso contra la Corte Suprema, y advirti\u00f3 que, caso contrario, hasta podr\u00edan afrontar &#8220;responsabilidades penales y pol\u00edticas&#8221;.<\/p>\n<p>&#8220;El juicio pol\u00edtico est\u00e1 regulado en la Constituci\u00f3n Nacional en los arts. 53, 59 y 60. Su procedimiento est\u00e1 reglado por el reglamento de Diputados, art.90, y por el Reglamento Interno de la Comisi\u00f3n. All\u00ed se establece la obligaci\u00f3n de jueces y fiscales de comparecer a dar testimonio&#8221;, sostuvo Gaillard en su cuenta de Twitter.<\/p>\n<p>&nbsp;<\/p>\n<p><strong>&#8220;Responsabilidades penales&#8221;<\/strong><\/p>\n<p>Advirti\u00f3 que &#8220;si no lo hicieren se remitir\u00e1n los antecedentes a los organismos que ejerzan autoridad disciplinaria sobre ellos, en ese caso el Consejo de la Magistratura de la Naci\u00f3n o el Ministerio P\u00fablico Fiscal, sin perjuicio de las responsabilidades penales y pol\u00edticas que la comisi\u00f3n entienda correspondan&#8221;.<\/p>\n<p>La legisladora oficialista se\u00f1al\u00f3 que &#8220;el art\u00edculo 12 inciso d) del reglamento de la Comisi\u00f3n es muy claro respecto a que de los mencionados en el art\u00edculo 250 del C\u00f3digo Procesal Penal exceptuados de comparecer a declarar solo se encuentran exceptuados en el juicio pol\u00edtico el presidente, la vice y los gobernadores y gobernadoras&#8221;.<\/p>\n<p>&#8220;Adem\u00e1s el art\u00edculo 63 inciso b) de la ley de Ministerio P\u00fablico Fiscal except\u00faa a los fiscales de declarar ante &#8220;tribunales&#8221;, no siendo el caso de la Comisi\u00f3n de Juicio Pol\u00edtico de Diputados&#8221;.<\/p>\n<p>&nbsp;<\/p>\n<p>Gaillard record\u00f3 que &#8220;el reglamento interno de la Comisi\u00f3n de Juicio Pol\u00edtico regla el procedimiento de una norma constitucional, por lo tanto est\u00e1 por encima del C\u00f3digo Procesal Penal que incluso se aplica supletoriamente al procedimiento constitucional previsto en el art\u00edculo 53 de la CN&#8221;.<\/p>\n<p>&nbsp;<\/p>\n<p><strong>Citaci\u00f3n<\/strong><\/p>\n<p>En tanto, el oficialismo espera para el martes 7 de marzo al fiscal federal Carlos Stornelli para indagarlo en la comisi\u00f3n de Juicio Pol\u00edtico.<\/p>\n<p>La citaci\u00f3n a Stornelli se dio la semana pasada, en el marco de una audiencia en la que expusieron los jueces federales Sebasti\u00e1n Ramos y Alejo Ramos Padilla.<\/p>\n<p>El primero es el magistrado que archiv\u00f3, a instancias del fiscal Stornelli, una denuncia por los supuestos chats filtrados entre Silvio Robles, hombre de confianza del titular de la Corte Suprema y del Consejo de la Magistratura, Horacio Rosatti, y el ministro de Justicia y Seguridad porte\u00f1o -en actual licencia-, Marcelo D\u2019Alessandro.<\/p>\n<p>De momento, la presencia del funcionario judicial es una inc\u00f3gnita. D\u00edas atr\u00e1s, el jefe de la bancada del FdT en la C\u00e1mara baja, Germ\u00e1n Mart\u00ednez, asegur\u00f3 que &#8220;ser\u00eda un papel\u00f3n&#8221; que Stornelli no se presente.<\/p>\n<p>&#8220;Nos llev\u00f3 a citar a los dos fiscales (Stornelli y Mar\u00eda Laura Roteta). Ramos dijo que dio lugar a lo que le pidi\u00f3 al fiscal Stornelli. Hay que escuchar por qu\u00e9 Stornelli consideraba que hab\u00eda que archivar en tiempo r\u00e9cord durante la fiesta judicial&#8221;, afirm\u00f3 Mart\u00ednez en referencia a la causa que investigaba los chats filtrados.<\/p>\n","protected":false},"excerpt":{"rendered":"<p>La presidenta de la Comisi\u00f3n de Juicio Pol\u00edtico de la C\u00e1mara de Diputados explic\u00f3 que los funcionarios judiciales deben presentarse ante ese organismo a dar testimonio. Advirti\u00f3 por consecuencias penales &nbsp; &nbsp; La presidenta de la Comisi\u00f3n de Juicio Pol\u00edtico de la C\u00e1mara de Diputados, Carolina Gaillard (Frente de Todos), afirm\u00f3 este domingo que los jueces y fiscales est\u00e1n &#8220;obligados a comparecer&#8221; para &#8220;dar su testimonio&#8221; ante ese cuerpo cuando son citados, como en el caso del proceso contra la Corte Suprema, y advirti\u00f3 que, caso contrario, hasta podr\u00edan afrontar&#8230;<\/p>\n","protected":false},"author":3,"featured_media":97218,"comment_status":"closed","ping_status":"closed","sticky":false,"template":"","format":"standard","meta":[],"categories":[18],"tags":[],"_links":{"self":[{"href":"https:\/\/www.actualidadadiario.com\/index.php\/wp-json\/wp\/v2\/posts\/98222"}],"collection":[{"href":"https:\/\/www.actualidadadiario.com\/index.php\/wp-json\/wp\/v2\/posts"}],"about":[{"href":"https:\/\/www.actualidadadiario.com\/index.php\/wp-json\/wp\/v2\/types\/post"}],"author":[{"embeddable":true,"href":"https:\/\/www.actualidadadiario.com\/index.php\/wp-json\/wp\/v2\/users\/3"}],"replies":[{"embeddable":true,"href":"https:\/\/www.actualidadadiario.com\/index.php\/wp-json\/wp\/v2\/comments?post=98222"}],"version-history":[{"count":1,"href":"https:\/\/www.actualidadadiario.com\/index.php\/wp-json\/wp\/v2\/posts\/98222\/revisions"}],"predecessor-version":[{"id":98223,"href":"https:\/\/www.actualidadadiario.com\/index.php\/wp-json\/wp\/v2\/posts\/98222\/revisions\/98223"}],"wp:featuredmedia":[{"embeddable":true,"href":"https:\/\/www.actualidadadiario.com\/index.php\/wp-json\/wp\/v2\/media\/97218"}],"wp:attachment":[{"href":"https:\/\/www.actualidadadiario.com\/index.php\/wp-json\/wp\/v2\/media?parent=98222"}],"wp:term":[{"taxonomy":"category","embeddable":true,"href":"https:\/\/www.actualidadadiario.com\/index.php\/wp-json\/wp\/v2\/categories?post=98222"},{"taxonomy":"post_tag","embeddable":true,"href":"https:\/\/www.actualidadadiario.com\/index.php\/wp-json\/wp\/v2\/tags?post=98222"}],"curies":[{"name":"wp","href":"https:\/\/api.w.org\/{rel}","templated":true}]}}