{"id":98220,"date":"2023-02-27T13:38:11","date_gmt":"2023-02-27T16:38:11","guid":{"rendered":"https:\/\/www.actualidadadiario.com\/?p=98220"},"modified":"2023-02-27T13:38:11","modified_gmt":"2023-02-27T16:38:11","slug":"este-miercoles-la-camara-de-diputados-realizara-su-primera-sesion-del-144-periodo-legislativo","status":"publish","type":"post","link":"https:\/\/www.actualidadadiario.com\/index.php\/2023\/02\/27\/este-miercoles-la-camara-de-diputados-realizara-su-primera-sesion-del-144-periodo-legislativo\/","title":{"rendered":"Este mi\u00e9rcoles la C\u00e1mara de Diputados realizar\u00e1 su primera sesi\u00f3n del 144\u00b0 Per\u00edodo Legislativo"},"content":{"rendered":"<p style=\"text-align: center;\"><em><strong>Luego de la Apertura de Sesiones que encabez\u00f3 el gobernador Gustavo Bordet ante la Asamblea Legislativa, la C\u00e1mara de Diputados de la Provincia llevar\u00e1 a cabo este mi\u00e9rcoles su primera sesi\u00f3n del a\u00f1o. Ser\u00e1 a partir de las 11<\/strong><\/em><\/p>\n<p>&nbsp;<\/p>\n<p>&nbsp;<\/p>\n<p>Con el 144\u00b0 Per\u00edodo Legislativo ya inaugurado por el gobernador Gustavo Bordet, la legislatura entrerriana comenz\u00f3 nuevamente a sesionar. Primero lo hizo la C\u00e1mara de Senadores de la provincia.<\/p>\n<p>Fue este jueves que, presidida por la vicegobernadora Laura Stratta, se realiz\u00f3 la primera sesi\u00f3n ordinaria del 144\u00b0 per\u00edodo legislativo. En la oportunidad, ingresaron los pliegos para cubrir cargos en la Justicia y, entre otros temas, se aprob\u00f3 un proyecto del Poder Ejecutivo para la expropiaci\u00f3n de inmuebles en el marco de la obra de la ruta provincial tramo Segu\u00ed &#8211; Ruta Provincial 34.<\/p>\n<p>Lo mismo har\u00e1 la C\u00e1mara de Diputados este mi\u00e9rcoles 1\u00b0 de marzo a partir de las 11. Previamente, el martes desde las 19 se llevar\u00e1 a cabo la reuni\u00f3n de labor parlamentaria de la que participar\u00e1n los presidentes de bloque y el presidente de la C\u00e1mara, \u00c1ngel Giano.<\/p>\n<p>Vale recordar, que durante la sesi\u00f3n preparatoria, las y los diputados hab\u00edan decidido que los d\u00edas de sesi\u00f3n contin\u00faen siendo los martes a las 18, los mi\u00e9rcoles a las 11 y los jueves a las 11 horas cada 15 d\u00edas.<\/p>\n","protected":false},"excerpt":{"rendered":"<p>Luego de la Apertura de Sesiones que encabez\u00f3 el gobernador Gustavo Bordet ante la Asamblea Legislativa, la C\u00e1mara de Diputados de la Provincia llevar\u00e1 a cabo este mi\u00e9rcoles su primera sesi\u00f3n del a\u00f1o. Ser\u00e1 a partir de las 11 &nbsp; &nbsp; Con el 144\u00b0 Per\u00edodo Legislativo ya inaugurado por el gobernador Gustavo Bordet, la legislatura entrerriana comenz\u00f3 nuevamente a sesionar. Primero lo hizo la C\u00e1mara de Senadores de la provincia. Fue este jueves que, presidida por la vicegobernadora Laura Stratta, se realiz\u00f3 la primera sesi\u00f3n ordinaria del 144\u00b0 per\u00edodo legislativo&#8230;.<\/p>\n","protected":false},"author":3,"featured_media":95704,"comment_status":"closed","ping_status":"closed","sticky":false,"template":"","format":"standard","meta":[],"categories":[15],"tags":[],"_links":{"self":[{"href":"https:\/\/www.actualidadadiario.com\/index.php\/wp-json\/wp\/v2\/posts\/98220"}],"collection":[{"href":"https:\/\/www.actualidadadiario.com\/index.php\/wp-json\/wp\/v2\/posts"}],"about":[{"href":"https:\/\/www.actualidadadiario.com\/index.php\/wp-json\/wp\/v2\/types\/post"}],"author":[{"embeddable":true,"href":"https:\/\/www.actualidadadiario.com\/index.php\/wp-json\/wp\/v2\/users\/3"}],"replies":[{"embeddable":true,"href":"https:\/\/www.actualidadadiario.com\/index.php\/wp-json\/wp\/v2\/comments?post=98220"}],"version-history":[{"count":1,"href":"https:\/\/www.actualidadadiario.com\/index.php\/wp-json\/wp\/v2\/posts\/98220\/revisions"}],"predecessor-version":[{"id":98221,"href":"https:\/\/www.actualidadadiario.com\/index.php\/wp-json\/wp\/v2\/posts\/98220\/revisions\/98221"}],"wp:featuredmedia":[{"embeddable":true,"href":"https:\/\/www.actualidadadiario.com\/index.php\/wp-json\/wp\/v2\/media\/95704"}],"wp:attachment":[{"href":"https:\/\/www.actualidadadiario.com\/index.php\/wp-json\/wp\/v2\/media?parent=98220"}],"wp:term":[{"taxonomy":"category","embeddable":true,"href":"https:\/\/www.actualidadadiario.com\/index.php\/wp-json\/wp\/v2\/categories?post=98220"},{"taxonomy":"post_tag","embeddable":true,"href":"https:\/\/www.actualidadadiario.com\/index.php\/wp-json\/wp\/v2\/tags?post=98220"}],"curies":[{"name":"wp","href":"https:\/\/api.w.org\/{rel}","templated":true}]}}