{"id":98217,"date":"2023-02-27T13:37:31","date_gmt":"2023-02-27T16:37:31","guid":{"rendered":"https:\/\/www.actualidadadiario.com\/?p=98217"},"modified":"2023-02-27T13:37:31","modified_gmt":"2023-02-27T16:37:31","slug":"bordet-remarco-que-todas-las-escuelas-tienen-jornada-extendida-a-partir-de-2023","status":"publish","type":"post","link":"https:\/\/www.actualidadadiario.com\/index.php\/2023\/02\/27\/bordet-remarco-que-todas-las-escuelas-tienen-jornada-extendida-a-partir-de-2023\/","title":{"rendered":"Bordet remarc\u00f3 que todas las escuelas tienen jornada extendida a partir de 2023"},"content":{"rendered":"<p style=\"text-align: center;\"><em><strong>Durante este lunes, en el arranque del ciclo lectivo 2023, el gobernador Gustavo Bordet afirm\u00f3 que &#8220;tenemos el compromiso de tener este a\u00f1o 190 d\u00edas h\u00e1biles de clases&#8221;<\/strong><\/em><\/p>\n<p>&nbsp;<\/p>\n<p>&nbsp;<\/p>\n<p>El gobernador Gustavo Bordet dej\u00f3 inaugurado el ciclo lectivo 2023 en los edificios nuevos de la Secundaria N\u00b0 2 y la Secundaria de J\u00f3venes y Adultos N\u00ba8 \u201cJos\u00e9 Gervasio Artigas\u201d de la localidad de Feliciano.<\/p>\n<p>All\u00ed, en su discurso, el mandatario destac\u00f3 que &#8220;todas las escuelas primarias tienen jornada extendida desde este a\u00f1o, lo que representa que &#8211; si sumamos todas las horas &#8211; son 38 d\u00edas m\u00e1s de clases&#8221;.<\/p>\n<p>&#8220;Esto es muy bueno porque permite mejorar la calidad educativa de nuestros alumnos, en toda la provincia&#8221;, asever\u00f3 Bordet.<\/p>\n<p>&nbsp;<\/p>\n<p><strong>Docencia y salarios<\/strong><\/p>\n<p>El mandatario aprovech\u00f3 la ocasi\u00f3n para revalorizar y saludar la labor docente. &#8220;He sido docente de una escuela secundaria durante 14 a\u00f1os y s\u00e9 del esfuerzo y las vicisitudes que tienen que atravesar los docentes entrerrianos en cada d\u00eda&#8221;, mencion\u00f3.<\/p>\n<p>Adem\u00e1s, dijo que sabe &#8220;de la pasi\u00f3n que se pone y s\u00e9 tambi\u00e9n que muchas veces el salario resulta insuficiente por eso hicimos acuerdos salariales el a\u00f1o pasado, tal y como hab\u00edamos prometido, superando la inflaci\u00f3n&#8221;.<\/p>\n<p>&#8220;Estuvimos 5 puntos por encima y este a\u00f1o tambi\u00e9n haremos ese esfuerzo porque si queremos valorar la calidad educativa, tenemos que tener buenos salarios docentes en todo el territorio de la provincia&#8221;, puntualiz\u00f3.<\/p>\n<p>&nbsp;<\/p>\n<p><strong>Feliciano<\/strong><\/p>\n<p>Sobre su presencia en Feliciano, Bordet dijo que significa &#8220;en lo personal, una gratificaci\u00f3n&#8221;, dado que \u201cla primera vez que vine a Feliciano siendo gobernador estuvimos recorriendo la ciudad y le pregunt\u00e9 a la intendenta por qu\u00e9 la obra estaba paralizada&#8221;.<\/p>\n<p>&#8220;Averiguamos y fue una trama bastante compleja porque la empresa se hab\u00eda hecho cargo de la obra, la hab\u00eda abandonado y encima le hab\u00eda hecho juicio al Estado: hubo que desandar un camino para emprender la construcci\u00f3n y terminar la obra\u201d, record\u00f3.<\/p>\n<p>En ese sentido, cont\u00f3 que &#8220;cada vez que volv\u00eda, averiguaba porque me lo tom\u00e9 como algo personal y &#8211; despu\u00e9s de tanto tiempo &#8211; poder estar ac\u00e1 e inaugurar este edificio es una emoci\u00f3n que comparto con ustedes&#8221;.<\/p>\n<p>&nbsp;<\/p>\n<p><strong>Edificios y oportunidades<\/strong><\/p>\n<p>El establecimiento alberga una matr\u00edcula aproximada a los 500 alumnos. &#8220;Los edificios son continentes pero lo importante es el contenido, que es la comunidad educativa&#8221;, subray\u00f3 el gobernador.<\/p>\n<p>Adem\u00e1s, inform\u00f3 que a la escuela concurrir\u00e1n &#8220;j\u00f3venes y adultos\u201d, por lo que los felicit\u00f3 &#8220;por retomar el estudio. \u201cNo hay edad para empezar a estudiar y siempre hay una oportunidad de mejorar y superarse en la vida&#8221;, acot\u00f3.<\/p>\n<p>&nbsp;<\/p>\n<p><strong>Obras<\/strong><\/p>\n<p>Por \u00faltimo, Bordet se\u00f1al\u00f3 que en la localidad se encararon obras de infraestructura &#8220;para seguir creciendo, que vengan emprendimientos y radicar industrias, generando fuentes de trabajo&#8221;.<\/p>\n<p>&#8220;Entonces todos los chicos y chicas que estudian en las escuelas puedan quedarse en el lugar, sin emigrar a otros horizontes en b\u00fasqueda de oportunidades&#8221;, remat\u00f3.<\/p>\n<p>En ese sentido, remarc\u00f3 los trabajos encarados en materia de infraestructura vial, de electrificaci\u00f3n rural y de tratamiento cloacales.<\/p>\n","protected":false},"excerpt":{"rendered":"<p>Durante este lunes, en el arranque del ciclo lectivo 2023, el gobernador Gustavo Bordet afirm\u00f3 que &#8220;tenemos el compromiso de tener este a\u00f1o 190 d\u00edas h\u00e1biles de clases&#8221; &nbsp; &nbsp; El gobernador Gustavo Bordet dej\u00f3 inaugurado el ciclo lectivo 2023 en los edificios nuevos de la Secundaria N\u00b0 2 y la Secundaria de J\u00f3venes y Adultos N\u00ba8 \u201cJos\u00e9 Gervasio Artigas\u201d de la localidad de Feliciano. All\u00ed, en su discurso, el mandatario destac\u00f3 que &#8220;todas las escuelas primarias tienen jornada extendida desde este a\u00f1o, lo que representa que &#8211; si sumamos&#8230;<\/p>\n","protected":false},"author":3,"featured_media":98218,"comment_status":"closed","ping_status":"closed","sticky":false,"template":"","format":"standard","meta":[],"categories":[9,15],"tags":[],"_links":{"self":[{"href":"https:\/\/www.actualidadadiario.com\/index.php\/wp-json\/wp\/v2\/posts\/98217"}],"collection":[{"href":"https:\/\/www.actualidadadiario.com\/index.php\/wp-json\/wp\/v2\/posts"}],"about":[{"href":"https:\/\/www.actualidadadiario.com\/index.php\/wp-json\/wp\/v2\/types\/post"}],"author":[{"embeddable":true,"href":"https:\/\/www.actualidadadiario.com\/index.php\/wp-json\/wp\/v2\/users\/3"}],"replies":[{"embeddable":true,"href":"https:\/\/www.actualidadadiario.com\/index.php\/wp-json\/wp\/v2\/comments?post=98217"}],"version-history":[{"count":1,"href":"https:\/\/www.actualidadadiario.com\/index.php\/wp-json\/wp\/v2\/posts\/98217\/revisions"}],"predecessor-version":[{"id":98219,"href":"https:\/\/www.actualidadadiario.com\/index.php\/wp-json\/wp\/v2\/posts\/98217\/revisions\/98219"}],"wp:featuredmedia":[{"embeddable":true,"href":"https:\/\/www.actualidadadiario.com\/index.php\/wp-json\/wp\/v2\/media\/98218"}],"wp:attachment":[{"href":"https:\/\/www.actualidadadiario.com\/index.php\/wp-json\/wp\/v2\/media?parent=98217"}],"wp:term":[{"taxonomy":"category","embeddable":true,"href":"https:\/\/www.actualidadadiario.com\/index.php\/wp-json\/wp\/v2\/categories?post=98217"},{"taxonomy":"post_tag","embeddable":true,"href":"https:\/\/www.actualidadadiario.com\/index.php\/wp-json\/wp\/v2\/tags?post=98217"}],"curies":[{"name":"wp","href":"https:\/\/api.w.org\/{rel}","templated":true}]}}