{"id":98215,"date":"2023-02-27T13:36:47","date_gmt":"2023-02-27T16:36:47","guid":{"rendered":"https:\/\/www.actualidadadiario.com\/?p=98215"},"modified":"2023-02-27T13:36:47","modified_gmt":"2023-02-27T16:36:47","slug":"se-combaten-incendios-en-el-sur-de-las-islas-del-delta","status":"publish","type":"post","link":"https:\/\/www.actualidadadiario.com\/index.php\/2023\/02\/27\/se-combaten-incendios-en-el-sur-de-las-islas-del-delta\/","title":{"rendered":"Se combaten incendios en el sur de las islas del Delta"},"content":{"rendered":"<p style=\"text-align: center;\"><em><strong>Se conform\u00f3 un comando interprovincial con personal de Entre R\u00edos y Buenos Aires en la localidad bonaerense de Baradero para atender los focos de incendios detectados en el sur de las islas del Delta. Cuentan con un helic\u00f3ptero de Naci\u00f3n y dos aviones vig\u00eda a cargo de Entre R\u00edos<\/strong><\/em><\/p>\n<p>&nbsp;<\/p>\n<p>&nbsp;<\/p>\n<p>En el Aero Club de Baradero trabaja personal de la Brigada de Respuesta Ambiental y la brigada forestal de la Polic\u00eda de Entre R\u00edos; municipios de San Pedro y Baradero y bomberos voluntarios de Entre R\u00edos y Baradero.<\/p>\n<p>Hasta el momento hay activos dos focos, dos contenidos y dos controlados. El personal es trasladado al lugar en el helic\u00f3ptero cedido por el Servicio Nacional de Manejo del Fuego para combatir por tierra los incendios.<\/p>\n<p>En tanto, desde el comando instalado en Alvear informaron que no se registran focos activos. Se sigue monitoreando la zona centro y norte del Delta y hay brigadistas permanentes para atender cualquier eventualidad.<\/p>\n<p>El informe completo est\u00e1 disponible en https:\/\/bit.ly\/3GiMMKc.<\/p>\n<p>Por dudas o consultas comunicarse con el coordinador del Plan de Manejo del Fuego de Entre R\u00edos, Mauro Rodr\u00edguez: 345 6265979<\/p>\n<p>En caso de visualizar una columna de humo o incendio comunicarse al 100 (Bomberos) o 101 (Polic\u00eda).<\/p>\n","protected":false},"excerpt":{"rendered":"<p>Se conform\u00f3 un comando interprovincial con personal de Entre R\u00edos y Buenos Aires en la localidad bonaerense de Baradero para atender los focos de incendios detectados en el sur de las islas del Delta. Cuentan con un helic\u00f3ptero de Naci\u00f3n y dos aviones vig\u00eda a cargo de Entre R\u00edos &nbsp; &nbsp; En el Aero Club de Baradero trabaja personal de la Brigada de Respuesta Ambiental y la brigada forestal de la Polic\u00eda de Entre R\u00edos; municipios de San Pedro y Baradero y bomberos voluntarios de Entre R\u00edos y Baradero. Hasta&#8230;<\/p>\n","protected":false},"author":3,"featured_media":98176,"comment_status":"closed","ping_status":"closed","sticky":false,"template":"","format":"standard","meta":[],"categories":[15],"tags":[],"_links":{"self":[{"href":"https:\/\/www.actualidadadiario.com\/index.php\/wp-json\/wp\/v2\/posts\/98215"}],"collection":[{"href":"https:\/\/www.actualidadadiario.com\/index.php\/wp-json\/wp\/v2\/posts"}],"about":[{"href":"https:\/\/www.actualidadadiario.com\/index.php\/wp-json\/wp\/v2\/types\/post"}],"author":[{"embeddable":true,"href":"https:\/\/www.actualidadadiario.com\/index.php\/wp-json\/wp\/v2\/users\/3"}],"replies":[{"embeddable":true,"href":"https:\/\/www.actualidadadiario.com\/index.php\/wp-json\/wp\/v2\/comments?post=98215"}],"version-history":[{"count":1,"href":"https:\/\/www.actualidadadiario.com\/index.php\/wp-json\/wp\/v2\/posts\/98215\/revisions"}],"predecessor-version":[{"id":98216,"href":"https:\/\/www.actualidadadiario.com\/index.php\/wp-json\/wp\/v2\/posts\/98215\/revisions\/98216"}],"wp:featuredmedia":[{"embeddable":true,"href":"https:\/\/www.actualidadadiario.com\/index.php\/wp-json\/wp\/v2\/media\/98176"}],"wp:attachment":[{"href":"https:\/\/www.actualidadadiario.com\/index.php\/wp-json\/wp\/v2\/media?parent=98215"}],"wp:term":[{"taxonomy":"category","embeddable":true,"href":"https:\/\/www.actualidadadiario.com\/index.php\/wp-json\/wp\/v2\/categories?post=98215"},{"taxonomy":"post_tag","embeddable":true,"href":"https:\/\/www.actualidadadiario.com\/index.php\/wp-json\/wp\/v2\/tags?post=98215"}],"curies":[{"name":"wp","href":"https:\/\/api.w.org\/{rel}","templated":true}]}}