{"id":98213,"date":"2023-02-27T13:36:06","date_gmt":"2023-02-27T16:36:06","guid":{"rendered":"https:\/\/www.actualidadadiario.com\/?p=98213"},"modified":"2023-02-27T13:36:06","modified_gmt":"2023-02-27T16:36:06","slug":"proponen-que-entre-rios-se-aplique-la-norma-de-etiquetado-frontal-a-los-alimentos-elaborados-en-la-provincia","status":"publish","type":"post","link":"https:\/\/www.actualidadadiario.com\/index.php\/2023\/02\/27\/proponen-que-entre-rios-se-aplique-la-norma-de-etiquetado-frontal-a-los-alimentos-elaborados-en-la-provincia\/","title":{"rendered":"Proponen que Entre R\u00edos se aplique la norma de etiquetado frontal a los alimentos elaborados en la provincia"},"content":{"rendered":"<p style=\"text-align: center;\"><em><strong>Ingres\u00f3 a la C\u00e1mara de Diputados un proyecto para que Entre R\u00edos adhiera a la Ley Nacional de Etiquetado Frontal y se incluyan controles a los alimentos elaborados en el territorio provincial, informaron fuentes legislativas<\/strong><\/em><\/p>\n<p>&nbsp;<\/p>\n<p>&nbsp;<\/p>\n<p>La iniciativa fue presentada por la diputada provincial Paola Rubattino (PJ) y estable la adhesi\u00f3n de la Provincia de Entre R\u00edos a la Ley Nacional N\u00ba 27.642 (Etiquetado Frontal) respecto de todos los alimentos que sean elaborados y\/o comercializados en el territorio provincial.<\/p>\n<p>La norma nacional fue aprobada el 12 de noviembre de 2021 y otorga herramientas al consumidor al consumidor respecto de la informaci\u00f3n necesaria sobre la composici\u00f3n nutricional de un alimento y en su caso, las consecuencias que ello podr\u00eda eventualmente tener sobre su salud.<\/p>\n<p>Se busca prevenir el consumo excesivo de az\u00facares, grasas y sodio, lo cual se asocia a las enfermedades no transmisibles que m\u00e1s afectan a la poblaci\u00f3n: el sobrepeso u obesidad, la diabetes, la hipertensi\u00f3n arterial, y las enfermedades vasculares, card\u00edacas, cerebrales y renales.<\/p>\n<p>\u201cSi bien la norma nacional establece que las provincias y la Ciudad Aut\u00f3noma de Buenos Aires son las autoridades locales de aplicaci\u00f3n, ejerciendo el control y vigilancia de la presente ley y sus normas reglamentarias, la misma no es clara, por lo que entendemos que -ante la confusi\u00f3n de si es necesaria o no una norma de adhesi\u00f3n- por el principio de Organizaci\u00f3n<\/p>\n<p>Federal consideramos que s\u00ed, m\u00e1xime cuando pueden existir productos como los mencionados por la referida normativa, que eventualmente pueden ser fabricados y comercializados en nuestra provincia\u201d, se\u00f1al\u00f3 la diputada Rubattino en los fundamentos del proyecto.<\/p>\n","protected":false},"excerpt":{"rendered":"<p>Ingres\u00f3 a la C\u00e1mara de Diputados un proyecto para que Entre R\u00edos adhiera a la Ley Nacional de Etiquetado Frontal y se incluyan controles a los alimentos elaborados en el territorio provincial, informaron fuentes legislativas &nbsp; &nbsp; La iniciativa fue presentada por la diputada provincial Paola Rubattino (PJ) y estable la adhesi\u00f3n de la Provincia de Entre R\u00edos a la Ley Nacional N\u00ba 27.642 (Etiquetado Frontal) respecto de todos los alimentos que sean elaborados y\/o comercializados en el territorio provincial. La norma nacional fue aprobada el 12 de noviembre de&#8230;<\/p>\n","protected":false},"author":3,"featured_media":78979,"comment_status":"closed","ping_status":"closed","sticky":false,"template":"","format":"standard","meta":[],"categories":[15],"tags":[],"_links":{"self":[{"href":"https:\/\/www.actualidadadiario.com\/index.php\/wp-json\/wp\/v2\/posts\/98213"}],"collection":[{"href":"https:\/\/www.actualidadadiario.com\/index.php\/wp-json\/wp\/v2\/posts"}],"about":[{"href":"https:\/\/www.actualidadadiario.com\/index.php\/wp-json\/wp\/v2\/types\/post"}],"author":[{"embeddable":true,"href":"https:\/\/www.actualidadadiario.com\/index.php\/wp-json\/wp\/v2\/users\/3"}],"replies":[{"embeddable":true,"href":"https:\/\/www.actualidadadiario.com\/index.php\/wp-json\/wp\/v2\/comments?post=98213"}],"version-history":[{"count":1,"href":"https:\/\/www.actualidadadiario.com\/index.php\/wp-json\/wp\/v2\/posts\/98213\/revisions"}],"predecessor-version":[{"id":98214,"href":"https:\/\/www.actualidadadiario.com\/index.php\/wp-json\/wp\/v2\/posts\/98213\/revisions\/98214"}],"wp:featuredmedia":[{"embeddable":true,"href":"https:\/\/www.actualidadadiario.com\/index.php\/wp-json\/wp\/v2\/media\/78979"}],"wp:attachment":[{"href":"https:\/\/www.actualidadadiario.com\/index.php\/wp-json\/wp\/v2\/media?parent=98213"}],"wp:term":[{"taxonomy":"category","embeddable":true,"href":"https:\/\/www.actualidadadiario.com\/index.php\/wp-json\/wp\/v2\/categories?post=98213"},{"taxonomy":"post_tag","embeddable":true,"href":"https:\/\/www.actualidadadiario.com\/index.php\/wp-json\/wp\/v2\/tags?post=98213"}],"curies":[{"name":"wp","href":"https:\/\/api.w.org\/{rel}","templated":true}]}}