{"id":98210,"date":"2023-02-27T13:35:26","date_gmt":"2023-02-27T16:35:26","guid":{"rendered":"https:\/\/www.actualidadadiario.com\/?p=98210"},"modified":"2023-02-27T13:35:26","modified_gmt":"2023-02-27T16:35:26","slug":"cafesg-distribuyo-200-guardapolvos-para-el-inicio-de-clases-2023-en-federacion","status":"publish","type":"post","link":"https:\/\/www.actualidadadiario.com\/index.php\/2023\/02\/27\/cafesg-distribuyo-200-guardapolvos-para-el-inicio-de-clases-2023-en-federacion\/","title":{"rendered":"CAFESG distribuy\u00f3 200 guardapolvos para el inicio de clases 2023 en Federaci\u00f3n"},"content":{"rendered":"<p style=\"text-align: center;\"><em><strong>Con la coordinaci\u00f3n de la vocal de la Comisi\u00f3n Administradora para el Fondo Especial de Salto Grande (CAFESG) oriunda de Federaci\u00f3n, Celeste Lorenz, doscientos chicos de bajos recursos de la mencionada ciudad, recibieron sus guardapolvos nuevos de manera gratuita para comenzar este lunes un nuevo inicio de clases<\/strong><\/em><\/p>\n<p>&nbsp;<\/p>\n<p>&nbsp;<\/p>\n<p>Las prendas, fueron entregadas en la Delegaci\u00f3n que el organismo provincial tiene en Federaci\u00f3n, teniendo en cuenta como criterios para realizar la entrega el nivel de ingresos familiar, si hay hermanos en la misma familia, la zona donde viven, etc.<\/p>\n<p>\u201cNi bien me enter\u00e9 me inscrib\u00ed, imag\u00ednate que yo soy madre soltera de tres ni\u00f1os, tengo una nena de 9, un nene de 7 y el chiquito de 2\u201d relat\u00f3 Ludmila Enr\u00edquez; \u201cesto es una gran ayuda para m\u00ed, falta muy poco para el comienzo de clases y me falta comprar muchas cosas todav\u00eda, y que me resuelvan el tema de los guardapolvos es una gran cosa, estoy muy agradecida\u201d.<\/p>\n<p>\u201cMis hijos van a estar muy contentos, los dos m\u00e1s grandes van a la Escuela N\u00ba 64 Jos\u00e9 Hern\u00e1ndez a segundo y cuarto grado, les gusta mucho ir a la escuela, tienen muy lindas notas\u201d finaliz\u00f3 una de las mam\u00e1s que fueron beneficiadas con la entrega.<\/p>\n<p>Los guardapolvos fueron confeccionados por la Cooperativa textil \u201cManos Federaenses\u201d de la localidad de Federaci\u00f3n, con mano de obra gratuita en retribuci\u00f3n por las capacitaciones recibidas desde CAFESG, y el material tambi\u00e9n fue provisto por el organismo provincial.<\/p>\n<p>Es importante destacar que desde hace m\u00e1s de dos a\u00f1os CAFESG implementa en dicha localidad el programa de fortalecimiento del sector textil en la Cooperativa \u201cManos Federaenses\u201d, haciendo hincapi\u00e9 en diferentes l\u00edneas de acci\u00f3n como, instancias de formaci\u00f3n organizada, capacitaci\u00f3n de dise\u00f1o, confecci\u00f3n textil, manejo de m\u00e1quinas industriales, capacitaci\u00f3n integral de procesos asociativos y cooperativos.<\/p>\n","protected":false},"excerpt":{"rendered":"<p>Con la coordinaci\u00f3n de la vocal de la Comisi\u00f3n Administradora para el Fondo Especial de Salto Grande (CAFESG) oriunda de Federaci\u00f3n, Celeste Lorenz, doscientos chicos de bajos recursos de la mencionada ciudad, recibieron sus guardapolvos nuevos de manera gratuita para comenzar este lunes un nuevo inicio de clases &nbsp; &nbsp; Las prendas, fueron entregadas en la Delegaci\u00f3n que el organismo provincial tiene en Federaci\u00f3n, teniendo en cuenta como criterios para realizar la entrega el nivel de ingresos familiar, si hay hermanos en la misma familia, la zona donde viven, etc&#8230;.<\/p>\n","protected":false},"author":3,"featured_media":98211,"comment_status":"closed","ping_status":"closed","sticky":false,"template":"","format":"standard","meta":[],"categories":[15],"tags":[],"_links":{"self":[{"href":"https:\/\/www.actualidadadiario.com\/index.php\/wp-json\/wp\/v2\/posts\/98210"}],"collection":[{"href":"https:\/\/www.actualidadadiario.com\/index.php\/wp-json\/wp\/v2\/posts"}],"about":[{"href":"https:\/\/www.actualidadadiario.com\/index.php\/wp-json\/wp\/v2\/types\/post"}],"author":[{"embeddable":true,"href":"https:\/\/www.actualidadadiario.com\/index.php\/wp-json\/wp\/v2\/users\/3"}],"replies":[{"embeddable":true,"href":"https:\/\/www.actualidadadiario.com\/index.php\/wp-json\/wp\/v2\/comments?post=98210"}],"version-history":[{"count":1,"href":"https:\/\/www.actualidadadiario.com\/index.php\/wp-json\/wp\/v2\/posts\/98210\/revisions"}],"predecessor-version":[{"id":98212,"href":"https:\/\/www.actualidadadiario.com\/index.php\/wp-json\/wp\/v2\/posts\/98210\/revisions\/98212"}],"wp:featuredmedia":[{"embeddable":true,"href":"https:\/\/www.actualidadadiario.com\/index.php\/wp-json\/wp\/v2\/media\/98211"}],"wp:attachment":[{"href":"https:\/\/www.actualidadadiario.com\/index.php\/wp-json\/wp\/v2\/media?parent=98210"}],"wp:term":[{"taxonomy":"category","embeddable":true,"href":"https:\/\/www.actualidadadiario.com\/index.php\/wp-json\/wp\/v2\/categories?post=98210"},{"taxonomy":"post_tag","embeddable":true,"href":"https:\/\/www.actualidadadiario.com\/index.php\/wp-json\/wp\/v2\/tags?post=98210"}],"curies":[{"name":"wp","href":"https:\/\/api.w.org\/{rel}","templated":true}]}}