{"id":98202,"date":"2023-02-27T13:33:18","date_gmt":"2023-02-27T16:33:18","guid":{"rendered":"https:\/\/www.actualidadadiario.com\/?p=98202"},"modified":"2023-02-27T13:33:18","modified_gmt":"2023-02-27T16:33:18","slug":"sin-la-colaboracion-de-jxc-el-fdt-pone-a-prueba-alianzas-para-sesionar-en-el-ultimo-dia-de-extraordinarias","status":"publish","type":"post","link":"https:\/\/www.actualidadadiario.com\/index.php\/2023\/02\/27\/sin-la-colaboracion-de-jxc-el-fdt-pone-a-prueba-alianzas-para-sesionar-en-el-ultimo-dia-de-extraordinarias\/","title":{"rendered":"Sin la colaboraci\u00f3n de JxC, el FdT pone a prueba alianzas para sesionar en el \u00faltimo d\u00eda de extraordinarias"},"content":{"rendered":"<p style=\"text-align: center;\"><em><strong>Tras un balance magro en t\u00e9rminos de cosecha legislativa, el oficialismo quiere &#8220;meter el gol del honor&#8221; con el tiro del final. Con un temario reducido al extremo, consigui\u00f3 el acompa\u00f1amiento de fuerzas minoritarias de la oposici\u00f3n para el qu\u00f3rum pero debe cuidar que no haya fugas<\/strong><\/em><\/p>\n<p>&nbsp;<\/p>\n<p>&nbsp;<\/p>\n<p>Sin la colaboraci\u00f3n de Juntos por el Cambio, que sigue por ahora apretando el torniquete al Congreso para que no pueda sesionar, el oficialismo ultima gestiones con fuerzas minoritarias de la oposici\u00f3n para garantizar el qu\u00f3rum y aprobar ma\u00f1ana dos iniciativas del extenso temario enviado por el Poder Ejecutivo para tratar este verano, y as\u00ed al menos meter &#8220;el gol del honor&#8221; con el tiro del final en el \u00faltimo d\u00eda de extraordinarias.<\/p>\n<p>Tras un largo parate que data de noviembre, que incluy\u00f3 el fracaso de tres convocatorias al recinto en diciembre y un verano hu\u00e9rfano de sesiones producto de las desaveniencias entre el oficialismo y la oposici\u00f3n, el Frente de Todos no quiere dejar ir las sesiones extraordinarias con el arco contrario en cero. La idea es dejar una mejor imagen final despu\u00e9s de un balance a todas luces magro, y m\u00e1s teniendo en cuenta que por delante se vislumbra un panorama de sequ\u00eda legislativa debido a la campa\u00f1a que ya se adelant\u00f3.<\/p>\n<p>Por eso program\u00f3 una sesi\u00f3n introducida con pinzas para este martes a las 10:30, un d\u00eda antes de la Asamblea Legislativa, con un temario acotado al extremo para reducir al m\u00e1ximo el margen para el boicot de alguna fuerza pol\u00edtica, a sabiendas de que Juntos por el Cambio no ser\u00e1 de la partida en el qu\u00f3rum habilitante de 129. La obsesi\u00f3n es el bloque que conduce el santafesino Germ\u00e1n Mart\u00ednez es que no hayan fugas inesperadas y que est\u00e9n todos a la hora de sentarse en las bancas.<\/p>\n<p>El proyecto central que estar\u00e1 sobre la palestra es el remanido programa de regularizaci\u00f3n de deudas previsionales (mal llamada moratoria), que caduc\u00f3 el 31 de diciembre pasado, y deja a cerca de 800.000 personas que no llegan con los 30 a\u00f1os de aportes fuera de la posibilidad de jubilarse.<\/p>\n<p>En Juntos por el Cambio las opiniones estaban divididas y por momentos contradictorias. Sin dudas, primaba el rechazo por el agujero fiscal que generar\u00eda sostener estas prestaciones en un contexto de jubilaciones paup\u00e9rrimas. No quieren seguir agrandando la base y achatando la pir\u00e1mide previsional.<\/p>\n<p>Desde el Gobierno, a trav\u00e9s de la directora de ANSES, Fernanda Raverta, contestaron con el bolsillo alegando que los recursos para la moratoria ya fueron contemplados en el Presupuesto votado por el Congreso por enorme mayor\u00eda, con lo cual el problema de financiamiento no es tal. Y contestaron tambi\u00e9n apelando al coraz\u00f3n, manifestando que no se puede dejar a la deriva a cientos de miles de personas, mayormente mujeres, que en el grueso de los casos quedaron fuera del mercado de trabajo por razones ajenas a su voluntad.<\/p>\n<p>Obviamente desde el Frente de Todos machacan con la idea de que Juntos por el Cambio es insensible a la situaci\u00f3n de los adultos mayores y con eso ejercen presi\u00f3n a los bloques intermedios para que no le quiten el cuerpo a la jeringa en un asunto tan sensible.<\/p>\n<p>Los diputados de Identidad Bonaerense comandados por Alejandro &#8220;Topo&#8221; Rodr\u00edguez ser\u00e1n parte del qu\u00f3rum, as\u00ed como tambi\u00e9n los dos socialistas de Santa Fe del mismo Interbloque Federal. No as\u00ed los tres schiarettistas de C\u00f3rdoba Federal, de quienes el oficialismo ya no espera demasiado. Pero el qu\u00f3rum estar\u00eda garantizado con los cuatro diputados del Frente de Izquierda y con los cuatro del interbloque Provincias Unidas, que siempre est\u00e1 dispuesto a acompa\u00f1ar al oficialismo cuando lo necesita.<\/p>\n<p>El otro proyecto que acompa\u00f1a el temario es la creaci\u00f3n del Programa Federal \u00danico de Informatizaci\u00f3n y Digitalizaci\u00f3n de las Historias Cl\u00ednicas, que en la medianoche del martes perder\u00e1 estado parlamentario, por lo que urge su aprobaci\u00f3n. Es una iniciativa que hab\u00eda sido motorizada por la presidenta de la comisi\u00f3n de Salud, la socialista santafesina M\u00f3nica Fein, por lo que se desprende que la inclusi\u00f3n de ese proyecto fue parte de la mesa de negociaciones para comprometer a ese sector pol\u00edtico en el qu\u00f3rum de esta sesi\u00f3n que es la \u00faltima bala que tiene el oficialismo antes de que suene el silbato del final de extraordinarias.<\/p>\n<p>M\u00e1s all\u00e1 de los se\u00f1uelos, de las prendas de unidad y de los tires y aflojes de la &#8220;rosca&#8221;, se trata de un proyecto interesante porque plantea la unificaci\u00f3n digital de historias cl\u00ednicas de pacientes y que la misma pueda compartirse entre distintos establecimientos m\u00e9dicos con un sistema de software que garantiza la carga de datos y la protecci\u00f3n de datos personales.<\/p>\n<p>Este ser\u00e1 el tiro del final de un oficialismo que no puede presumir de una buena performance legislativa en la C\u00e1mara de Diputados, ya que durante el 2022 apenas logr\u00f3 sesionar 11 veces para la aprobaci\u00f3n de proyectos (es decir, sin contar la Asamblea Legislativa, la informativa del jefe de Gabinete, la preparatoria y las sesiones en minor\u00eda). La peor parte fue en noviembre y diciendo cuando el Congreso literalmente qued\u00f3 paralizado en medio de tensiones entre oficialismo y oposici\u00f3n que escalaron por el conflicto judicializado en torno a la composici\u00f3n del Consejo de la Magistratura. Y ya en el comienzo del verano Juntos por el Cambio profundiz\u00f3 el piquete al recinto cuando el Frente de Todos se embarc\u00f3 en la aventura del juicio pol\u00edtico a la Corte Suprema, un procedimiento legal y hasta justificado en algunos casos, pero con un desenlace que se sabe fallido al menos en lo que refiere al objetivo de m\u00e1ximo que es la destituci\u00f3n de los magistrados.<\/p>\n<p>El grueso de Juntos por el Cambio se mantiene inc\u00f3lume en su declaraci\u00f3n moral de que no colaborar\u00e1 con el qu\u00f3rum, independientemente de cu\u00e1l sea la iniciativa que se trate, en la medida en que el oficialismo sostenga la &#8220;pantomima&#8221; del juicio pol\u00edtico. Algunas voces minoritarias de la oposici\u00f3n, en cambio, ponen la cuesti\u00f3n del juicio pol\u00edtico en un segundo plano de importancia y culpan al oficialismo de hacer fracasar las sesiones por no negociar los temarios.<\/p>\n<p>Como sea, algunas voces opositoras de los denominados &#8220;blandos&#8221; (los hay en los tres partidos de Juntos por el Cambio, y pujan con &#8220;los duros&#8221;) reclaman puertas adentro que esta postura de torniquete se flexibilice para dejar que el recinto trate iniciativas con las que ellos est\u00e9n de acuerdo a partir del 1 de marzo, en un &#8220;barajar y dar de nuevo&#8221;. El clima pol\u00edtico para que esto ocurra no es el m\u00e1s propicio, si se tiene en cuenta no s\u00f3lo la continuidad de las hostilidades rec\u00edprocas entre los dos bandos de la grieta, y el escenario que ofrece el juicio pol\u00edtico para que estas ret\u00f3ricas de confrontaci\u00f3n encuentren cauce f\u00e9rtil, sino adem\u00e1s la propia l\u00f3gica electoral en la que se embarcar\u00e1n las fuerzas pol\u00edticas atentar\u00e1 contra el di\u00e1logo y el desbloqueo del recinto.<\/p>\n<p>Como sucede en todos los a\u00f1os electorales, la actividad del Congreso suele mermar cuando se inician las actividades de campa\u00f1a. A la compleja tarea de arrimar consensos se sumar\u00e1n las ausencias de los legisladores que volver\u00e1n a sus provincias para hacer proselitismo. La Asamblea Legislativa del mi\u00e9rcoles ser\u00e1 el montaje de una escenograf\u00eda vacua para que el presidente Alberto Fern\u00e1ndez pueda recitar sus prioridades en su \u00faltima a\u00f1o de gesti\u00f3n, pero el Congreso nacional desde hace rato est\u00e1 totalmente disociado de la sinton\u00eda del Poder Ejecutivo (al que ya no hacen caso ni siquiera muchos oficialistas por la devaluaci\u00f3n de la autoridad presidencial), e est\u00e1 inmerso en sus propias contradicciones.<\/p>\n","protected":false},"excerpt":{"rendered":"<p>Tras un balance magro en t\u00e9rminos de cosecha legislativa, el oficialismo quiere &#8220;meter el gol del honor&#8221; con el tiro del final. Con un temario reducido al extremo, consigui\u00f3 el acompa\u00f1amiento de fuerzas minoritarias de la oposici\u00f3n para el qu\u00f3rum pero debe cuidar que no haya fugas &nbsp; &nbsp; Sin la colaboraci\u00f3n de Juntos por el Cambio, que sigue por ahora apretando el torniquete al Congreso para que no pueda sesionar, el oficialismo ultima gestiones con fuerzas minoritarias de la oposici\u00f3n para garantizar el qu\u00f3rum y aprobar ma\u00f1ana dos iniciativas&#8230;<\/p>\n","protected":false},"author":3,"featured_media":74860,"comment_status":"closed","ping_status":"closed","sticky":false,"template":"","format":"standard","meta":[],"categories":[9],"tags":[],"_links":{"self":[{"href":"https:\/\/www.actualidadadiario.com\/index.php\/wp-json\/wp\/v2\/posts\/98202"}],"collection":[{"href":"https:\/\/www.actualidadadiario.com\/index.php\/wp-json\/wp\/v2\/posts"}],"about":[{"href":"https:\/\/www.actualidadadiario.com\/index.php\/wp-json\/wp\/v2\/types\/post"}],"author":[{"embeddable":true,"href":"https:\/\/www.actualidadadiario.com\/index.php\/wp-json\/wp\/v2\/users\/3"}],"replies":[{"embeddable":true,"href":"https:\/\/www.actualidadadiario.com\/index.php\/wp-json\/wp\/v2\/comments?post=98202"}],"version-history":[{"count":1,"href":"https:\/\/www.actualidadadiario.com\/index.php\/wp-json\/wp\/v2\/posts\/98202\/revisions"}],"predecessor-version":[{"id":98203,"href":"https:\/\/www.actualidadadiario.com\/index.php\/wp-json\/wp\/v2\/posts\/98202\/revisions\/98203"}],"wp:featuredmedia":[{"embeddable":true,"href":"https:\/\/www.actualidadadiario.com\/index.php\/wp-json\/wp\/v2\/media\/74860"}],"wp:attachment":[{"href":"https:\/\/www.actualidadadiario.com\/index.php\/wp-json\/wp\/v2\/media?parent=98202"}],"wp:term":[{"taxonomy":"category","embeddable":true,"href":"https:\/\/www.actualidadadiario.com\/index.php\/wp-json\/wp\/v2\/categories?post=98202"},{"taxonomy":"post_tag","embeddable":true,"href":"https:\/\/www.actualidadadiario.com\/index.php\/wp-json\/wp\/v2\/tags?post=98202"}],"curies":[{"name":"wp","href":"https:\/\/api.w.org\/{rel}","templated":true}]}}