{"id":98197,"date":"2023-02-27T13:31:38","date_gmt":"2023-02-27T16:31:38","guid":{"rendered":"https:\/\/www.actualidadadiario.com\/?p=98197"},"modified":"2023-02-27T13:31:38","modified_gmt":"2023-02-27T16:31:38","slug":"programa-volve-a-estudiar-a-quienes-esta-dirigido-y-como-anotarse","status":"publish","type":"post","link":"https:\/\/www.actualidadadiario.com\/index.php\/2023\/02\/27\/programa-volve-a-estudiar-a-quienes-esta-dirigido-y-como-anotarse\/","title":{"rendered":"Programa Volv\u00e9 a Estudiar: a qui\u00e9nes est\u00e1 dirigido y c\u00f3mo anotarse"},"content":{"rendered":"<p style=\"text-align: center;\"><em><strong>Tiene como objetivo central fortalecer la inclusi\u00f3n laboral ya que el 60,7% de todo el padr\u00f3n de titulares del Potenciar Trabajo no tienen la educaci\u00f3n obligatoria terminada<\/strong><\/em><\/p>\n<p>&nbsp;<\/p>\n<p>&nbsp;<\/p>\n<p>El Ministerio de Educaci\u00f3n y la Secretar\u00eda de Innovaci\u00f3n presentaron el programa &#8220;Volv\u00e9 a estudiar&#8221; con el objetivo central de fortalecer la inclusi\u00f3n laboral. Esto se debe a que el 60,7% de todo el padr\u00f3n de titulares del Potenciar Trabajo no tienen la educaci\u00f3n obligatoria terminada.<\/p>\n<p>&#8220;Hay Potenciar Trabajo si fortalecemos la educaci\u00f3n, hay una Argentina m\u00e1s igualitaria si empezamos por la escolaridad&#8221;, se\u00f1al\u00f3 Victoria Tolosa Paz, Ministra de Desarrollo Social de la Naci\u00f3n.<\/p>\n<p>En estos momentos 1.279.567 personas son titulares del Potenciar Trabajo y un gran porcentaje del total no terminaron la educaci\u00f3n obligatoria lo que dificulta a\u00fan m\u00e1s poder conseguir un espacio laboral.<\/p>\n<p>\u201cLos resultados de la validaci\u00f3n de datos nos dijo que un 79,2% quiere terminar sus estudios. Volver a estudiar para potenciar el trabajo\u201d, expres\u00f3 la ministra.<\/p>\n<p>Antes de finalizar la presentaci\u00f3n, Tolosa Paz destac\u00f3 la importancia de que las personas sigan recurriendo a la escuela: \u201cEsta es una nueva oportunidad de llegar mejor, a los sue\u00f1os y a los anhelos de una poblaci\u00f3n joven que tiene la necesidad imperiosa de volver a la escuela, de volver a estudiar para construir porque no tener terminada la primaria y la secundaria ponen condiciones de falta de oportunidades en el hogar\u201d.<\/p>\n<p>&nbsp;<\/p>\n<p><strong>Para qui\u00e9nes est\u00e1 dirigido y c\u00f3mo anotarse<\/strong><\/p>\n<p>Ser\u00e1 para los 777.520 titulares del programa Potenciar Trabajo que en la validaci\u00f3n de datos informaron que no pudieron finalizar los niveles educativos obligatorios pero tienen inter\u00e9s en hacerlo.<\/p>\n<p>Se trata de 132.043 personas que no completaron el nivel primario y 645.477 que no terminaron la secundaria. Un dato no menos importante es que el 60% de esa poblaci\u00f3n son mujeres y m\u00e1s de la mitad tienen entre 18 y 39 a\u00f1os, de las cuales tienen a cargo hijos\/as.<\/p>\n<p>No hace falta anotarse ya que las autoridades se van a contactar con cada una de las personas que indicaron que quieren seguir estudiando. Eso ser\u00e1 a trav\u00e9s de Tina, la asistente por Whatsapp del gobierno nacional (11 39101010).<\/p>\n<p>Cada mes deber\u00e1n notificar en su unidad de gesti\u00f3n que contin\u00faan sus estudios, y trimestralmente deber\u00e1n enviar el certificado de alumno regular que les da su escuela.<\/p>\n<p>Si en alg\u00fan momento interrumpen su trayectoria educativa pueden reincorporarse a la tarea socioproductiva o sociocomunitaria que realizaban anteriormente. V\u00eda WhatsApp tambi\u00e9n se incluir\u00e1 la oferta educativa disponible en todo el pa\u00eds para poder inscribirse en la escuela que m\u00e1s les convenga.<\/p>\n","protected":false},"excerpt":{"rendered":"<p>Tiene como objetivo central fortalecer la inclusi\u00f3n laboral ya que el 60,7% de todo el padr\u00f3n de titulares del Potenciar Trabajo no tienen la educaci\u00f3n obligatoria terminada &nbsp; &nbsp; El Ministerio de Educaci\u00f3n y la Secretar\u00eda de Innovaci\u00f3n presentaron el programa &#8220;Volv\u00e9 a estudiar&#8221; con el objetivo central de fortalecer la inclusi\u00f3n laboral. Esto se debe a que el 60,7% de todo el padr\u00f3n de titulares del Potenciar Trabajo no tienen la educaci\u00f3n obligatoria terminada. &#8220;Hay Potenciar Trabajo si fortalecemos la educaci\u00f3n, hay una Argentina m\u00e1s igualitaria si empezamos por&#8230;<\/p>\n","protected":false},"author":3,"featured_media":98198,"comment_status":"closed","ping_status":"closed","sticky":false,"template":"","format":"standard","meta":[],"categories":[2],"tags":[],"_links":{"self":[{"href":"https:\/\/www.actualidadadiario.com\/index.php\/wp-json\/wp\/v2\/posts\/98197"}],"collection":[{"href":"https:\/\/www.actualidadadiario.com\/index.php\/wp-json\/wp\/v2\/posts"}],"about":[{"href":"https:\/\/www.actualidadadiario.com\/index.php\/wp-json\/wp\/v2\/types\/post"}],"author":[{"embeddable":true,"href":"https:\/\/www.actualidadadiario.com\/index.php\/wp-json\/wp\/v2\/users\/3"}],"replies":[{"embeddable":true,"href":"https:\/\/www.actualidadadiario.com\/index.php\/wp-json\/wp\/v2\/comments?post=98197"}],"version-history":[{"count":1,"href":"https:\/\/www.actualidadadiario.com\/index.php\/wp-json\/wp\/v2\/posts\/98197\/revisions"}],"predecessor-version":[{"id":98199,"href":"https:\/\/www.actualidadadiario.com\/index.php\/wp-json\/wp\/v2\/posts\/98197\/revisions\/98199"}],"wp:featuredmedia":[{"embeddable":true,"href":"https:\/\/www.actualidadadiario.com\/index.php\/wp-json\/wp\/v2\/media\/98198"}],"wp:attachment":[{"href":"https:\/\/www.actualidadadiario.com\/index.php\/wp-json\/wp\/v2\/media?parent=98197"}],"wp:term":[{"taxonomy":"category","embeddable":true,"href":"https:\/\/www.actualidadadiario.com\/index.php\/wp-json\/wp\/v2\/categories?post=98197"},{"taxonomy":"post_tag","embeddable":true,"href":"https:\/\/www.actualidadadiario.com\/index.php\/wp-json\/wp\/v2\/tags?post=98197"}],"curies":[{"name":"wp","href":"https:\/\/api.w.org\/{rel}","templated":true}]}}