{"id":98193,"date":"2023-02-27T13:30:15","date_gmt":"2023-02-27T16:30:15","guid":{"rendered":"https:\/\/www.actualidadadiario.com\/?p=98193"},"modified":"2023-02-27T13:30:15","modified_gmt":"2023-02-27T16:30:15","slug":"se-esperan-temperaturas-elevadas-en-el-pais","status":"publish","type":"post","link":"https:\/\/www.actualidadadiario.com\/index.php\/2023\/02\/27\/se-esperan-temperaturas-elevadas-en-el-pais\/","title":{"rendered":"Se esperan temperaturas elevadas en el pa\u00eds"},"content":{"rendered":"<p style=\"text-align: center;\"><em><strong>El Servicio Meteorol\u00f3gico Nacional (SMN) confirm\u00f3 poco tiempo atr\u00e1s que la temporada llevaba registrada como nunca antes ocho olas de calor. Esta probablemente se convierta en la novena, \u201ccon una persistencia llamativa y sin un claro final por el momento\u201d<\/strong><\/em><\/p>\n<p>&nbsp;<\/p>\n<p>&nbsp;<\/p>\n<p>El retorno de los chicos a clase marca el inicio del oto\u00f1o climatol\u00f3gico, pero con condiciones que ser\u00e1n propias del verano.<\/p>\n<p>Es que \u201cuna nueva ola de calor promete golpear con fuerza buena parte del pa\u00eds, afectando especialmente el norte de la Patagonia, Cuyo y las provincias centrales\u201d, advirti\u00f3 el meteor\u00f3logo Christian Garavaglia.<\/p>\n<p>Ratific\u00f3 al respecto que \u201cser\u00e1 una nueva ola de calor in\u00e9dita desde el punto de vista de la recurrencia\u201d.<\/p>\n<p>El Servicio Meteorol\u00f3gico Nacional (SMN) confirm\u00f3 poco tiempo atr\u00e1s que la temporada llevaba registrada como nunca antes ocho olas de calor. Esta probablemente se convierta en la novena, \u201ccon una persistencia llamativa y sin un claro final por el momento\u201d.<\/p>\n<p>El SMN define a una ola de calor para determinada ciudad como la persistencia de al menos 3 d\u00edas consecutivos con temperaturas m\u00ednimas y m\u00e1ximas superando determinados umbrales propios de la ciudad en cuesti\u00f3n.<\/p>\n<p>\u201cLo que se observa al menos en los pr\u00f3ximos 10 d\u00edas es un predominio de altas presiones en niveles medios y altos de la troposfera, cl\u00e1sica situaci\u00f3n para que se establezca un periodo persistente de altas temperaturas en m\u00e1s de medio pa\u00eds, quedando aislado habitualmente el sur patag\u00f3nico en donde suelen registrarse en estas situaciones condiciones de fuerte viento del sector oeste\u201d, explic\u00f3 el especialista.<\/p>\n<p>De todos modos, \u201calgunas peque\u00f1as perturbaciones romper\u00e1n moment\u00e1neamente este predominio de altas presiones en la circulaci\u00f3n media, y ser\u00e1n motivo para que haya con el correr de la semana algunos periodos de inestabilidad en los cuales podr\u00e1n formarse tormentas aisladas, fomentadas por el intenso calor en superficie y pudiendo traer alg\u00fan alivio de tipo temporario.<\/p>\n<p>Ya para esa tarde, las m\u00e1ximas se estiman entre 38 y 40 \u00b0C en sectores cercanos a Bah\u00eda Blanca y Viedma, 36 a 37 \u00b0C en ciudades como Buenos Aires, Rosario y Santa Rosa, y m\u00e1s de 32 \u00b0C en la costa Atl\u00e1ntica bonaerense. En Entre R\u00edos se prev\u00e9n 36 grados.<\/p>\n<p>En la franja norte argentina, el calor estar\u00e1 m\u00e1s dentro de los par\u00e1metros normales, con marcas que probablemente no superen los 35 \u00b0C al menos en este inicio de semana.<\/p>\n<p>&nbsp;<\/p>\n<p><strong>Calor y tormentas en Argentina<\/strong><\/p>\n<p>A partir del mi\u00e9rcoles \u201ccomenzaremos a hablar de descensos temporarios de la temperatura en algunos sectores, debido al paso de una perturbaci\u00f3n en altura asociada a un d\u00e9bil frente fr\u00edo en superficie que podr\u00eda generar un cambio de viento al sur sobre la franja central del pa\u00eds, y tormentas de car\u00e1cter aislado tanto en las provincias centrales como en el norte argentino\u201d.<\/p>\n<p>\u201cEl periodo de altas temperaturas podr\u00e1 ser interrumpido de manera temporaria, pero a grandes rasgos perdurar\u00e1 por varios d\u00edas, posiblemente al menos hasta el pr\u00f3ximo fin de semana. Esto podr\u00eda constituir una nueva ola de calor en varias localidades del pa\u00eds\u201d.<\/p>\n","protected":false},"excerpt":{"rendered":"<p>El Servicio Meteorol\u00f3gico Nacional (SMN) confirm\u00f3 poco tiempo atr\u00e1s que la temporada llevaba registrada como nunca antes ocho olas de calor. Esta probablemente se convierta en la novena, \u201ccon una persistencia llamativa y sin un claro final por el momento\u201d &nbsp; &nbsp; El retorno de los chicos a clase marca el inicio del oto\u00f1o climatol\u00f3gico, pero con condiciones que ser\u00e1n propias del verano. Es que \u201cuna nueva ola de calor promete golpear con fuerza buena parte del pa\u00eds, afectando especialmente el norte de la Patagonia, Cuyo y las provincias centrales\u201d,&#8230;<\/p>\n","protected":false},"author":3,"featured_media":95002,"comment_status":"closed","ping_status":"closed","sticky":false,"template":"","format":"standard","meta":[],"categories":[2],"tags":[],"_links":{"self":[{"href":"https:\/\/www.actualidadadiario.com\/index.php\/wp-json\/wp\/v2\/posts\/98193"}],"collection":[{"href":"https:\/\/www.actualidadadiario.com\/index.php\/wp-json\/wp\/v2\/posts"}],"about":[{"href":"https:\/\/www.actualidadadiario.com\/index.php\/wp-json\/wp\/v2\/types\/post"}],"author":[{"embeddable":true,"href":"https:\/\/www.actualidadadiario.com\/index.php\/wp-json\/wp\/v2\/users\/3"}],"replies":[{"embeddable":true,"href":"https:\/\/www.actualidadadiario.com\/index.php\/wp-json\/wp\/v2\/comments?post=98193"}],"version-history":[{"count":1,"href":"https:\/\/www.actualidadadiario.com\/index.php\/wp-json\/wp\/v2\/posts\/98193\/revisions"}],"predecessor-version":[{"id":98194,"href":"https:\/\/www.actualidadadiario.com\/index.php\/wp-json\/wp\/v2\/posts\/98193\/revisions\/98194"}],"wp:featuredmedia":[{"embeddable":true,"href":"https:\/\/www.actualidadadiario.com\/index.php\/wp-json\/wp\/v2\/media\/95002"}],"wp:attachment":[{"href":"https:\/\/www.actualidadadiario.com\/index.php\/wp-json\/wp\/v2\/media?parent=98193"}],"wp:term":[{"taxonomy":"category","embeddable":true,"href":"https:\/\/www.actualidadadiario.com\/index.php\/wp-json\/wp\/v2\/categories?post=98193"},{"taxonomy":"post_tag","embeddable":true,"href":"https:\/\/www.actualidadadiario.com\/index.php\/wp-json\/wp\/v2\/tags?post=98193"}],"curies":[{"name":"wp","href":"https:\/\/api.w.org\/{rel}","templated":true}]}}