{"id":98187,"date":"2023-02-27T13:28:26","date_gmt":"2023-02-27T16:28:26","guid":{"rendered":"https:\/\/www.actualidadadiario.com\/?p=98187"},"modified":"2023-02-27T13:28:26","modified_gmt":"2023-02-27T16:28:26","slug":"llego-a-rosario-el-humo-de-los-incendios-forestales-en-corrientes","status":"publish","type":"post","link":"https:\/\/www.actualidadadiario.com\/index.php\/2023\/02\/27\/llego-a-rosario-el-humo-de-los-incendios-forestales-en-corrientes\/","title":{"rendered":"Lleg\u00f3 a Rosario el humo de los incendios forestales en Corrientes"},"content":{"rendered":"<p style=\"text-align: center;\"><em><strong>El incendio m\u00e1s complicado se encuentra en el sur del Parque Nacional Iber\u00e1. El SMN anunci\u00f3 tormentas aisladas para este martes<\/strong><\/em><\/p>\n<p>&nbsp;<\/p>\n<p>&nbsp;<\/p>\n<p>El humo de los incendios forestales de Corrientes afect\u00f3 otra vez a Rosario. En la madrugada de este lunes, el aire de la ciudad santafesina amaneci\u00f3 repleta de peque\u00f1as part\u00edculas producto del avance de las llamas en el sur del Parque Nacional Iber\u00e1. En total, cinco provincias argentinas registran focos de incendio activos: Entre R\u00edos, Corrientes, Misiones, Mendoza y San Luis.<\/p>\n<p>Pobladores cercanos al esteros de Timbo Cora -l\u00edmite entre San Luis del palmar y General Paz- compartieron videos de la enorme columna de humo que se pudo ver desde la ruta.<\/p>\n<p>&#8220;En la zona tambi\u00e9n se observaron ejemplares de ciervos escapando de los incendios que comienzan avanzar sobre sus ambientes naturales&#8221;, report\u00f3 el referente ambiental Luis Mart\u00ednez en su cuenta de Twitter.<\/p>\n<p>Varios focos de incendios fueron contenidos en las \u00faltimas horas, pero el fuego en el departamento de San Miguel no da tregua. Seg\u00fan report\u00f3 el Servicio Nacional de Manejo del Fuego (SNMF), el Estado nacional envi\u00f3 un helic\u00f3ptero y dos aviones hidrantes para combatir el incendio forestal.<\/p>\n<p>Adem\u00e1s, nueve combatientes de la Brigada Nacional NEA fueron enviados para brindar apoyo a los bomberos de la zona. En Entre R\u00edos un helic\u00f3ptero perteneciente al SNMF tambi\u00e9n trabaj\u00f3 para apagar las llamas y en La Pampa un avi\u00f3n observador particip\u00f3 de las tareas.<\/p>\n<p>&nbsp;<\/p>\n<p><strong>Cuando llegan las lluvias a Corrientes<\/strong><\/p>\n<p>El departamento al que pertenece el Parque Nacional Iber\u00e1 transita este lunes 27 de febrero una ma\u00f1ana parcialmente nublada, con viento del norte a 20 km\/h y una humedad del 44%. Para el resto de la jornada, el SMN anticip\u00f3 que la m\u00e1xima llegar\u00e1 a los 31\u00ba.<\/p>\n<p>La jornada del martes tendr\u00e1 condiciones meteorol\u00f3gicas similares, con una m\u00ednima de 23\u00ba y una m\u00e1xima de 35\u00ba. El organismo oficial anticip\u00f3 que se espera un cielo con nubosidad variable y el viento soplar\u00e1 desde el norte.<\/p>\n<p>Reci\u00e9n para este mi\u00e9rcoles, el SMN pron\u00f3stico baja probabilidad de tormentas aisladas por la tarde noche, aunque seguir\u00e1 soplando el viento norte y la m\u00e1xima puede llegar a los 35\u00ba.<\/p>\n","protected":false},"excerpt":{"rendered":"<p>El incendio m\u00e1s complicado se encuentra en el sur del Parque Nacional Iber\u00e1. El SMN anunci\u00f3 tormentas aisladas para este martes &nbsp; &nbsp; El humo de los incendios forestales de Corrientes afect\u00f3 otra vez a Rosario. En la madrugada de este lunes, el aire de la ciudad santafesina amaneci\u00f3 repleta de peque\u00f1as part\u00edculas producto del avance de las llamas en el sur del Parque Nacional Iber\u00e1. En total, cinco provincias argentinas registran focos de incendio activos: Entre R\u00edos, Corrientes, Misiones, Mendoza y San Luis. Pobladores cercanos al esteros de Timbo&#8230;<\/p>\n","protected":false},"author":3,"featured_media":97599,"comment_status":"closed","ping_status":"closed","sticky":false,"template":"","format":"standard","meta":[],"categories":[2],"tags":[],"_links":{"self":[{"href":"https:\/\/www.actualidadadiario.com\/index.php\/wp-json\/wp\/v2\/posts\/98187"}],"collection":[{"href":"https:\/\/www.actualidadadiario.com\/index.php\/wp-json\/wp\/v2\/posts"}],"about":[{"href":"https:\/\/www.actualidadadiario.com\/index.php\/wp-json\/wp\/v2\/types\/post"}],"author":[{"embeddable":true,"href":"https:\/\/www.actualidadadiario.com\/index.php\/wp-json\/wp\/v2\/users\/3"}],"replies":[{"embeddable":true,"href":"https:\/\/www.actualidadadiario.com\/index.php\/wp-json\/wp\/v2\/comments?post=98187"}],"version-history":[{"count":1,"href":"https:\/\/www.actualidadadiario.com\/index.php\/wp-json\/wp\/v2\/posts\/98187\/revisions"}],"predecessor-version":[{"id":98188,"href":"https:\/\/www.actualidadadiario.com\/index.php\/wp-json\/wp\/v2\/posts\/98187\/revisions\/98188"}],"wp:featuredmedia":[{"embeddable":true,"href":"https:\/\/www.actualidadadiario.com\/index.php\/wp-json\/wp\/v2\/media\/97599"}],"wp:attachment":[{"href":"https:\/\/www.actualidadadiario.com\/index.php\/wp-json\/wp\/v2\/media?parent=98187"}],"wp:term":[{"taxonomy":"category","embeddable":true,"href":"https:\/\/www.actualidadadiario.com\/index.php\/wp-json\/wp\/v2\/categories?post=98187"},{"taxonomy":"post_tag","embeddable":true,"href":"https:\/\/www.actualidadadiario.com\/index.php\/wp-json\/wp\/v2\/tags?post=98187"}],"curies":[{"name":"wp","href":"https:\/\/api.w.org\/{rel}","templated":true}]}}