{"id":98181,"date":"2023-02-27T13:26:42","date_gmt":"2023-02-27T16:26:42","guid":{"rendered":"https:\/\/www.actualidadadiario.com\/?p=98181"},"modified":"2023-02-27T13:26:42","modified_gmt":"2023-02-27T16:26:42","slug":"regreso-a-clases-con-foco-en-la-conmemoracion-de-los-40-anos-de-democracia","status":"publish","type":"post","link":"https:\/\/www.actualidadadiario.com\/index.php\/2023\/02\/27\/regreso-a-clases-con-foco-en-la-conmemoracion-de-los-40-anos-de-democracia\/","title":{"rendered":"Regreso a clases con foco en la conmemoraci\u00f3n de los 40 a\u00f1os de democracia"},"content":{"rendered":"<p style=\"text-align: center;\"><em><strong>El ministro de Educaci\u00f3n, Jaime Perczyk, anunci\u00f3 que las escuelas de todo el pa\u00eds promover\u00e1n contenido pedag\u00f3gico para conmemorar durante el ciclo lectivo 2023 los 40 a\u00f1os de democracia en la Argentina, con eje en fechas claves como el 24 de marzo, 2 de abril, 25 de mayo, 30 de octubre o 10 de diciembre<\/strong><\/em><\/p>\n<p>&nbsp;<\/p>\n<p>&nbsp;<\/p>\n<p>Alumnos y alumnas del nivel inicial, primario y secundario de cinco provincias y la Ciudad de Buenos Aires (CABA) comienzan este lunes el ciclo lectivo 2023, mientras que entre el 28 y el 3 de marzo lo har\u00e1n el resto de las jurisdicciones, en las que se promover\u00e1 en los m\u00e1s de 64.000 establecimientos educativos contenidos pedag\u00f3gicos para conmemorar los 40 a\u00f1os de democracia en la Argentina.<\/p>\n<p>En el marco del inicio de clases, el presidente Alberto Fern\u00e1ndez inaugurar\u00e1 el mediod\u00eda de este lunes el edificio de la Escuela de Educaci\u00f3n Secundaria N\u00ba 82 Doctor Ren\u00e9 Favaloro en la localidad de Basail, provincia de Chaco.<\/p>\n<p>El Ministerio de Educaci\u00f3n porte\u00f1o defini\u00f3 para 2023 un calendario extendido de 192 d\u00edas de clases y un total de 600.000 alumnos y alumnas de todos los niveles educativos obligatorios comenzar\u00e1n las clases este lunes y las finalizar\u00e1n el 22 de diciembre. Fuentes de la cartera educativa indicaron que del total ya comenzaron a principios de febrero el curso de adaptaci\u00f3n &#8220;unos 20.000 chicos y chicas de primer a\u00f1o del secundario&#8221;.<\/p>\n<p>El mi\u00e9rcoles pasado, el sindicato de docentes porte\u00f1os Ademys convoc\u00f3 a un paro con movilizaci\u00f3n para este lunes, al rechazar un nuevo ofrecimiento paritario.<\/p>\n<p>La medida de fuerza incluye una movilizaci\u00f3n a las 12 hacia la Jefatura de Gabinete de Ministros, ubicada en avenida Presidente Roca 782.<\/p>\n<p>El ministro de Educaci\u00f3n, Jaime Perczyk, anunci\u00f3 hace unos d\u00edas que las escuelas de todo el pa\u00eds promover\u00e1n contenido pedag\u00f3gico para conmemorar durante todo el ciclo lectivo 2023 los 40 a\u00f1os de democracia en la Argentina.<\/p>\n<p>La resoluci\u00f3n del Consejo Federal de Educaci\u00f3n (CEF) estableci\u00f3 que las acciones para conmemorar y celebrar los 40 a\u00f1os de democracia se llevar\u00e1n adelante tomando algunas fechas claves como el 24 de marzo, 2 de abril, 25 de mayo, 30 de octubre, 10 de diciembre, entre otras.<\/p>\n<p>Tambi\u00e9n en Salta las clases para todos los niveles comienzan este lunes, en tanto el nivel de educaci\u00f3n superior no universitario lo har\u00e1 el 13 de marzo.<\/p>\n<p>El receso invernal ser\u00e1 del 10 al 21 de julio y el ciclo lectivo concluir\u00e1 el 27 de diciembre en todos los niveles, mientras que en el nivel superior no universitario cerrar\u00e1 el a\u00f1o el 2 del mismo mes.<\/p>\n<p>En Entre R\u00edos el per\u00edodo lectivo arranc\u00f3 este lunes y finalizar\u00e1 el viernes 22 de diciembre, mientras que el receso de invierno ser\u00e1 del 10 al 21 de julio.<\/p>\n<p>Tambi\u00e9n en San Luis los alumnos y alumnas volvieron a las aulas este lunes hasta el 19 de diciembre y tendr\u00e1n el receso invernal desde el 10 hasta el 21 de julio.<\/p>\n<p>En Mendoza iniciar\u00e1n el per\u00edodo lectivo 520.000 estudiantes hasta el 22 de diciembre, y Formosa hasta el 20.<\/p>\n<p>Mendoza y Formosa tendr\u00e1n vacaciones de invierno del 10 al 21 de julio. El ministro de Educaci\u00f3n de Formosa, Luis Basterra, sostuvo la semana pasada que &#8220;el objetivo es cumplir los 190 d\u00edas de clases que establece la Ley Nacional de Educaci\u00f3n&#8221;.<\/p>\n<p>En esa provincia, la secretaria gremial de Docentes Autoconvocados, Nilda Pati\u00f1o, anunci\u00f3 una conferencia de prensa para explicar lo resuelto por el gremio que tiene como eje principal el insistente pedido de paritarias al Gobierno provincial, y anticip\u00f3 que habr\u00e1 paro docente los d\u00edas 1 y 8 de marzo, este \u00faltimo en acompa\u00f1amiento al D\u00eda Internacional de la Mujer.<\/p>\n<p>Por su parte, Jos\u00e9 Thomas, director General de Escuelas en Mendoza, destac\u00f3 que &#8220;de los 1.350 edificios educativos que hay en Mendoza, estamos mejor que en diciembre; hay 250% m\u00e1s de presupuesto que el a\u00f1o pasado&#8221;.<\/p>\n<p>En R\u00edo Negro no comienzan las clases este lunes como estaba previsto porque la Uni\u00f3n de Trabajadores de la Educaci\u00f3n de R\u00edo Negro (Unter) decidi\u00f3 la realizaci\u00f3n de un paro de 72 horas tras el rechazo a la &#8220;propuesta salarial&#8221; para 2023 del gobierno provincial.<\/p>\n<p>Los 822.461 alumnos y alumnas en C\u00f3rdoba empezar\u00e1n las clases el martes y no este lunes a ra\u00edz de un paro y movilizaci\u00f3n convocado por la Uni\u00f3n de Educadores de la Provincia de C\u00f3rdoba (UEPC) en reclamo de &#8220;salarios justos&#8221;.<\/p>\n<p>Los alumnos que comienzan el primer curso de los niveles primario y secundario volvieron en territorio cordob\u00e9s a las aulas el 23 y 24 de febrero para realizar un per\u00edodo de adaptaci\u00f3n.<\/p>\n<p>En Chubut, la Asociaci\u00f3n de Trabajadores de la Educaci\u00f3n del Chubut (Atech) anunci\u00f3 para este lunes un paro de 24 horas en demanda de &#8220;recomposici\u00f3n salarial&#8221;. Las clases en esa provincia concluir\u00e1n el 21 de diciembre y el receso invernal ser\u00e1 del 17 al 28.<\/p>\n<p>En Santa Cruz, la Asociaci\u00f3n de Docentes de Santa Cruz (Adosac) -gremio mayoritario- convoc\u00f3 a un paro por 48 horas en rechazo a la oferta salarial oficial del 4% retroactiva a enero, en tanto la Asociaci\u00f3n del Magisterio de Ense\u00f1anza T\u00e9cnica (Amet) por lo hizo 24 horas.<\/p>\n<p>Por esta raz\u00f3n, las clases no comienzan este lunes en ese distrito cuyo calendario escolar indica que el ciclo lectivo concluir\u00e1 el 20 de diciembre. Adosac exige que la oferta \u201csea mejorada en funci\u00f3n al costo de la canasta b\u00e1sica total en la Patagonia\u201d y adem\u00e1s que \u201cse retrotraiga la jornada extendida completa en toda la provincia, por inconsulta, carente de todo consenso y apertura pedag\u00f3gica\u201d.<\/p>\n<p>Amet resolvi\u00f3 paro total para este lunes para exigir \u201cque de manera urgente se liquide en los haberes pr\u00f3ximos de los trabajadores la propuesta salarial aceptada por este sindicato el 22 de febrero\u201d, informaron fuentes gremiales.<\/p>\n<p>Corrientes, por su parte, dar\u00e1 inicio al per\u00edodo lectivo el martes 28 febrero y concluir\u00e1 al 22 de diciembre, mientras que las vacaciones de invierno ser\u00e1n del 10 al 21 de julio.<\/p>\n<p>El ministro de Educaci\u00f3n de Tucum\u00e1n, Juan Pablo Lichtmajer se\u00f1al\u00f3 que &#8220;todo el esfuerzo est\u00e1 puesto en el 1 de marzo, el inicio de clases es la tarea m\u00e1s importante que tenemos&#8221;.<\/p>\n<p>En la provincia de Santa Fe la Asociaci\u00f3n de Magisterio de Santa Fe (Amsaf\u00e9) y Sadop, que representa a las escuelas privadas, declararon el &#8220;no inicio de clases&#8221; para el 1 y 2 de marzo en rechazo a la propuesta paritaria.<\/p>\n<p>De esa manera, el ciclo lectivo se iniciar\u00e1 en Santa Fe el viernes 3 del pr\u00f3ximo mes. Est\u00e1 previsto que las clases finalicen el 22 de diciembre, y las vacaciones de invierno se desarrollen entre el 17 y el 28 de julio.<\/p>\n<p>En el caso de Neuqu\u00e9n que cuenta con 241.000 estudiantes, la Asociaci\u00f3n de Trabajadores de la Educaci\u00f3n de Neuqu\u00e9n (ATEN) convoc\u00f3 a un paro para el mi\u00e9rcoles por el comienzo del juicio en la causa Fuentealba II contra 8 polic\u00edas imputados por su intervenci\u00f3n el d\u00eda que asesinaron al maestro Carlos Fuentealba en esa provincia y las escuelas p\u00fablicas arrancar\u00e1n las clases el jueves 2 y no el 1 como indica el calendario.<\/p>\n<p>En la provincia de Buenos Aires, el Consejo General de Educaci\u00f3n, presidido por el director general de Cultura y Educaci\u00f3n, Alberto Sileoni, aprob\u00f3 el Calendario Escolar 2023 que indica que las clases se dar\u00e1n del 1 de marzo al 26 de diciembre y el receso de invierno ser\u00e1 entre el 17 y el 28 de julio.<\/p>\n<p>En cuanto a la Educaci\u00f3n Superior, la actividad educativa ser\u00e1 entre el 13 de marzo y el 24 de noviembre y los jardines maternales del 1 de febrero al 29 de diciembre.<\/p>\n<p>La decisi\u00f3n de llevar adelante un calendario con 190 d\u00edas clases fue tomada en octubre de 2021 en la 112\u00b0 asamblea del CFE, presidida por el ministro Jaime Perczyk, con el objetivo de &#8220;priorizar los aprendizajes afectados por la pandemia de Covid-19 y la recuperaci\u00f3n de los tiempos escolares&#8221;.<\/p>\n<p>En Santiago del Estero las clases escolares comenzar\u00e1n el 1 de marzo y se extender\u00e1n hasta el 15 de diciembre.<\/p>\n<p>En esa provincia hay 43.000 alumnos en el nivel inicial, en el primario 140.000, y en el secundario 77.500.<\/p>\n<p>Las autoridades se\u00f1alaron que contin\u00faa con plena vigencia la extensi\u00f3n horaria en establecimientos educativos del nivel primario que consiste en una jornada escolar de 5 horas 15 minutos.<\/p>\n<p>Catamarca y La Rioja concluir\u00e1n el per\u00edodo lectivo el 15 de diciembre, Chaco el 22, La Pampa el 19, Misiones y San Juan el 22, Tierra del Fuego el 20, y Tucum\u00e1n el 18.<\/p>\n","protected":false},"excerpt":{"rendered":"<p>El ministro de Educaci\u00f3n, Jaime Perczyk, anunci\u00f3 que las escuelas de todo el pa\u00eds promover\u00e1n contenido pedag\u00f3gico para conmemorar durante el ciclo lectivo 2023 los 40 a\u00f1os de democracia en la Argentina, con eje en fechas claves como el 24 de marzo, 2 de abril, 25 de mayo, 30 de octubre o 10 de diciembre &nbsp; &nbsp; Alumnos y alumnas del nivel inicial, primario y secundario de cinco provincias y la Ciudad de Buenos Aires (CABA) comienzan este lunes el ciclo lectivo 2023, mientras que entre el 28 y el&#8230;<\/p>\n","protected":false},"author":3,"featured_media":98182,"comment_status":"closed","ping_status":"closed","sticky":false,"template":"","format":"standard","meta":[],"categories":[9],"tags":[],"_links":{"self":[{"href":"https:\/\/www.actualidadadiario.com\/index.php\/wp-json\/wp\/v2\/posts\/98181"}],"collection":[{"href":"https:\/\/www.actualidadadiario.com\/index.php\/wp-json\/wp\/v2\/posts"}],"about":[{"href":"https:\/\/www.actualidadadiario.com\/index.php\/wp-json\/wp\/v2\/types\/post"}],"author":[{"embeddable":true,"href":"https:\/\/www.actualidadadiario.com\/index.php\/wp-json\/wp\/v2\/users\/3"}],"replies":[{"embeddable":true,"href":"https:\/\/www.actualidadadiario.com\/index.php\/wp-json\/wp\/v2\/comments?post=98181"}],"version-history":[{"count":1,"href":"https:\/\/www.actualidadadiario.com\/index.php\/wp-json\/wp\/v2\/posts\/98181\/revisions"}],"predecessor-version":[{"id":98183,"href":"https:\/\/www.actualidadadiario.com\/index.php\/wp-json\/wp\/v2\/posts\/98181\/revisions\/98183"}],"wp:featuredmedia":[{"embeddable":true,"href":"https:\/\/www.actualidadadiario.com\/index.php\/wp-json\/wp\/v2\/media\/98182"}],"wp:attachment":[{"href":"https:\/\/www.actualidadadiario.com\/index.php\/wp-json\/wp\/v2\/media?parent=98181"}],"wp:term":[{"taxonomy":"category","embeddable":true,"href":"https:\/\/www.actualidadadiario.com\/index.php\/wp-json\/wp\/v2\/categories?post=98181"},{"taxonomy":"post_tag","embeddable":true,"href":"https:\/\/www.actualidadadiario.com\/index.php\/wp-json\/wp\/v2\/tags?post=98181"}],"curies":[{"name":"wp","href":"https:\/\/api.w.org\/{rel}","templated":true}]}}