{"id":98175,"date":"2023-02-24T15:27:36","date_gmt":"2023-02-24T18:27:36","guid":{"rendered":"https:\/\/www.actualidadadiario.com\/?p=98175"},"modified":"2023-02-24T15:27:36","modified_gmt":"2023-02-24T18:27:36","slug":"corrientes-entre-rios-y-la-pampa-registran-incendios-forestales-activos","status":"publish","type":"post","link":"https:\/\/www.actualidadadiario.com\/index.php\/2023\/02\/24\/corrientes-entre-rios-y-la-pampa-registran-incendios-forestales-activos\/","title":{"rendered":"Corrientes, Entre R\u00edos y La Pampa registran incendios forestales activos"},"content":{"rendered":"<p style=\"text-align: center;\"><em><strong>Contin\u00faan los trabajos de las brigadas para sofocar los incendios que se desatan en algunas provincias, el Ministerio de Ambiente envi\u00f3 al Parque Nacional Iber\u00e1 un helic\u00f3ptero y el apoyo de 9 combatientes de la Brigada Nacional NEA<\/strong><\/em><\/p>\n<p>&nbsp;<\/p>\n<p>&nbsp;<\/p>\n<p>Las brigadas de combate del fuego lograron contener y controlar las llamas que afectaban distintas localidades en Chubut, mientras continuaban activos los incendios en Entre R\u00edos y Corrientes, y se advirti\u00f3 un nuevo foco en La Pampa, seg\u00fan precis\u00f3 hoy el reporte diario elaborado por el Servicio Nacional de Manejo del Fuego (SNMF).<\/p>\n<p>Seg\u00fan el informe del organismo, que depende de la cartera de Ambiente, el territorio correntino es el m\u00e1s afectado con seis focos, de los cuales cuatro se encuentran &#8220;contenidos&#8221; y dos &#8220;activos&#8221;.<\/p>\n<p>Las brigadas de combate del fuego lograron &#8220;contener&#8221; las llamas que afectaban a las localidades correntinas de Ituzaing\u00f3, Concepci\u00f3n, General Paz y Santo Tom\u00e9, detall\u00f3 el reporte diario del organismo que explic\u00f3 que la categor\u00eda de &#8220;contenido&#8221; establece que &#8220;el incendio mantiene su actividad, pero se detuvo el avance del fuego\/frente&#8221;.<\/p>\n<p>En tanto, en Corrientes, se manten\u00edan &#8220;activos&#8221; los focos \u00edgneos en la Zona San Gara y La Negra, de Ituzaing\u00f3, y en San Miguel (Carambola \/ Santa Julia).<\/p>\n<p>Por esto, el Ministerio de Ambiente envi\u00f3 al Parque Nacional Iber\u00e1 un helic\u00f3ptero y el apoyo de 9 combatientes de la Brigada Nacional NEA.<\/p>\n<p>Seg\u00fan el informe del SNMF, tambi\u00e9n se manten\u00edan &#8220;activos&#8221; dos focos de incendios en la provincia de Entre R\u00edos; uno en Ibicuy y el otro en una zona denominada como &#8220;destacado 1&#8221;, en Gualeguay.<\/p>\n<p>Asimismo, los incendios de Chubut que se advirtieron en El Hoyo, Futaleuf\u00fa y el que afecta el \u00e1rea de Orbina Cholila -Lago Cholila, en Cushamen, continuaban &#8220;controlados&#8221;, lo que significa que &#8220;la l\u00ednea de control ha quedado establecida definitivamente, anclada y asegurada&#8221; por lo que &#8220;se considera que no hay posibilidad de rebrotes&#8221;.<\/p>\n<p>En tanto, dentro de Cushamen tambi\u00e9n se desarrollaban dos focos m\u00e1s que hasta el momento est\u00e1n \u201ccontenidos\u201d; uno en El Pedregoso y otro en Matus.<\/p>\n<p>Finalmente, se inform\u00f3 que el SNMF envi\u00f3 a Chubut dos helic\u00f3pteros con helibalde y un avi\u00f3n hidrante y 25 combatientes de la Brigada Nacional Sur, adem\u00e1s de &#8220;apoyo con pron\u00f3stico meteorol\u00f3gico para planificaci\u00f3n operativa&#8221;.<\/p>\n<p>En tanto, en La Pampa se advirtieron dos nuevos incendios uno de los cuales pudo ser &#8220;contenido&#8221; en un sector denominado El Centinela, en Utrac\u00e1n; mientras que el segundo foco \u00edgneo se mantiene &#8220;activo&#8221; en la localidad de Loventu\u00e9.<\/p>\n<p>El informe del organismo advirti\u00f3 tambi\u00e9n que se mantienen &#8220;contenidos&#8221; los dos focos de incendios que se desarrollaron en la provincia de Buenos Aires, uno en la Reserva Hudson, en Berazategui, y otro en la localidad de Campana.<\/p>\n","protected":false},"excerpt":{"rendered":"<p>Contin\u00faan los trabajos de las brigadas para sofocar los incendios que se desatan en algunas provincias, el Ministerio de Ambiente envi\u00f3 al Parque Nacional Iber\u00e1 un helic\u00f3ptero y el apoyo de 9 combatientes de la Brigada Nacional NEA &nbsp; &nbsp; Las brigadas de combate del fuego lograron contener y controlar las llamas que afectaban distintas localidades en Chubut, mientras continuaban activos los incendios en Entre R\u00edos y Corrientes, y se advirti\u00f3 un nuevo foco en La Pampa, seg\u00fan precis\u00f3 hoy el reporte diario elaborado por el Servicio Nacional de Manejo&#8230;<\/p>\n","protected":false},"author":3,"featured_media":98176,"comment_status":"closed","ping_status":"closed","sticky":false,"template":"","format":"standard","meta":[],"categories":[9],"tags":[],"_links":{"self":[{"href":"https:\/\/www.actualidadadiario.com\/index.php\/wp-json\/wp\/v2\/posts\/98175"}],"collection":[{"href":"https:\/\/www.actualidadadiario.com\/index.php\/wp-json\/wp\/v2\/posts"}],"about":[{"href":"https:\/\/www.actualidadadiario.com\/index.php\/wp-json\/wp\/v2\/types\/post"}],"author":[{"embeddable":true,"href":"https:\/\/www.actualidadadiario.com\/index.php\/wp-json\/wp\/v2\/users\/3"}],"replies":[{"embeddable":true,"href":"https:\/\/www.actualidadadiario.com\/index.php\/wp-json\/wp\/v2\/comments?post=98175"}],"version-history":[{"count":1,"href":"https:\/\/www.actualidadadiario.com\/index.php\/wp-json\/wp\/v2\/posts\/98175\/revisions"}],"predecessor-version":[{"id":98177,"href":"https:\/\/www.actualidadadiario.com\/index.php\/wp-json\/wp\/v2\/posts\/98175\/revisions\/98177"}],"wp:featuredmedia":[{"embeddable":true,"href":"https:\/\/www.actualidadadiario.com\/index.php\/wp-json\/wp\/v2\/media\/98176"}],"wp:attachment":[{"href":"https:\/\/www.actualidadadiario.com\/index.php\/wp-json\/wp\/v2\/media?parent=98175"}],"wp:term":[{"taxonomy":"category","embeddable":true,"href":"https:\/\/www.actualidadadiario.com\/index.php\/wp-json\/wp\/v2\/categories?post=98175"},{"taxonomy":"post_tag","embeddable":true,"href":"https:\/\/www.actualidadadiario.com\/index.php\/wp-json\/wp\/v2\/tags?post=98175"}],"curies":[{"name":"wp","href":"https:\/\/api.w.org\/{rel}","templated":true}]}}